{"id":20671,"date":"2015-08-09T16:16:46","date_gmt":"2015-08-09T14:16:46","guid":{"rendered":"http:\/\/www.china-by-bike.de\/blog\/?p=20671"},"modified":"2019-04-09T15:01:15","modified_gmt":"2019-04-09T13:01:15","slug":"cycling-in-the-rain","status":"publish","type":"post","link":"https:\/\/china-by-bike.de\/blog\/2015\/08\/cycling-in-the-rain\/","title":{"rendered":"Cycling in the rain"},"content":{"rendered":"<p><strong><a href=\"https:\/\/china-by-bike.de\/sichou\" target=\"blank\"> Entlang der Seidenstra\u00dfe<\/a>, 24.07. bis 17.08.2015<\/strong><\/p>\n<p><em>Fahrt von Fukang nach Urumqi bei Regen und 16\u00b0C<\/em><\/p>\n<p>Regen. Schon wieder. Das zweite Mal schon Regen in einer Gegend, in der es nur alle Schaltjahre mal regnen sollte. Naja, ich wei\u00df, das ist Jammern auf hohem Niveau, aber dennoch\u2026. Als wir uns auf die R\u00e4der schwangen nieselte es eigentlich nur. Aber schon bald steigerte es sich in einen kr\u00e4ftigen Regen. Wir waren recht bald nass bis auf die Knochen. Aber am schlimmsten war die K\u00e4lte. Die kroch in die Glieder und so nach und nach stiegen immer mehr von uns durchgefroren ins Begleitfahrzeug. Zu guter Letzt radelten wir nur noch zu dritt. Da auch uns kalt war, radelten wir ohne eine Pause durch und waren in weniger als vier Stunden in Urumqi.<\/p>\n<p>Kaum dort angekommen wurde der Regen weniger und h\u00f6rte schlie\u00dflich ganz auf. Na prima. Wir machten einen freien Nachmittag f\u00fcr alle aus, denn diejenigen, die durchgeradelt waren, brauchten jetzt erst mal eine hei\u00dfe Dusche und warme trockene Klamotten. Am sp\u00e4teren Nachmittag schlenderte dann jeder f\u00fcr sich ein wenig in Hoteln\u00e4he herum.<\/p>\n<p>Bilder von der heutigen Etappe habe ich leider keine, denn bei dem Regen wollte ich die Kamera nicht aus der Tasche holen. Morgen wieder!<\/p>\n<p>[map style=&#8220;width: auto; height:400px; margin:20px 0px 20px 0px; border: 1px solid black;&#8220; gpx=&#8220;https:\/\/china-by-bike.de\/blog\/wp-content\/uploads\/2015-08-09_Sichou152.gpx&#8220;]<\/p>\n","protected":false},"excerpt":{"rendered":"<p>Entlang der Seidenstra\u00dfe, 24.07. bis 17.08.2015 Fahrt von Fukang nach Urumqi bei Regen und 16\u00b0C Regen. Schon wieder. Das zweite Mal schon Regen in einer Gegend, in der es nur alle Schaltjahre mal regnen sollte. Naja, ich wei\u00df, das ist Jammern auf hohem Niveau, aber dennoch\u2026. Als wir uns auf die R\u00e4der schwangen nieselte es eigentlich nur. Aber schon bald steigerte es sich in einen kr\u00e4ftigen Regen. Wir waren recht bald nass bis auf die Knochen. Aber am schlimmsten war&#8230;<\/p>\n<p class=\"continue-reading-button\"> <a class=\"continue-reading-link\" href=\"https:\/\/china-by-bike.de\/blog\/2015\/08\/cycling-in-the-rain\/\">Weiter lesen!<i class=\"crycon-right-dir\"><\/i><\/a><\/p>\n","protected":false},"author":6,"featured_media":0,"comment_status":"open","ping_status":"open","sticky":false,"template":"","format":"standard","meta":{"ngg_post_thumbnail":0,"footnotes":""},"categories":[142],"tags":[223],"jetpack_featured_media_url":"","_links":{"self":[{"href":"https:\/\/china-by-bike.de\/blog\/wp-json\/wp\/v2\/posts\/20671"}],"collection":[{"href":"https:\/\/china-by-bike.de\/blog\/wp-json\/wp\/v2\/posts"}],"about":[{"href":"https:\/\/china-by-bike.de\/blog\/wp-json\/wp\/v2\/types\/post"}],"author":[{"embeddable":true,"href":"https:\/\/china-by-bike.de\/blog\/wp-json\/wp\/v2\/users\/6"}],"replies":[{"embeddable":true,"href":"https:\/\/china-by-bike.de\/blog\/wp-json\/wp\/v2\/comments?post=20671"}],"version-history":[{"count":4,"href":"https:\/\/china-by-bike.de\/blog\/wp-json\/wp\/v2\/posts\/20671\/revisions"}],"predecessor-version":[{"id":20828,"href":"https:\/\/china-by-bike.de\/blog\/wp-json\/wp\/v2\/posts\/20671\/revisions\/20828"}],"wp:attachment":[{"href":"https:\/\/china-by-bike.de\/blog\/wp-json\/wp\/v2\/media?parent=20671"}],"wp:term":[{"taxonomy":"category","embeddable":true,"href":"https:\/\/china-by-bike.de\/blog\/wp-json\/wp\/v2\/categories?post=20671"},{"taxonomy":"post_tag","embeddable":true,"href":"https:\/\/china-by-bike.de\/blog\/wp-json\/wp\/v2\/tags?post=20671"}],"curies":[{"name":"wp","href":"https:\/\/api.w.org\/{rel}","templated":true}]}}