{"id":30050,"date":"2017-10-10T17:30:34","date_gmt":"2017-10-10T15:30:34","guid":{"rendered":"http:\/\/www.china-by-bike.de\/blog\/?p=30050"},"modified":"2019-04-09T14:07:55","modified_gmt":"2019-04-09T12:07:55","slug":"so-schoen-kann-radeln-sein","status":"publish","type":"post","link":"https:\/\/china-by-bike.de\/blog\/2017\/10\/so-schoen-kann-radeln-sein\/","title":{"rendered":"So sch\u00f6n kann Radeln sein"},"content":{"rendered":"<p><strong><a href=\"https:\/\/china-by-bike.de\/cha\" target=\"blank\">Entlang der Teestra\u00dfe<\/a>, 24.09. bis 16.11.2017<\/strong><\/p>\n<p><em>Von Zhenyuan \u00fcber De`an nach Pu`er<\/em><\/p>\n<p>Ab Zhenyuan begleitet uns Xiao Ding, weil sich Xiao Luo f\u00fcr ein paar Tage um die kleine Tochter k\u00fcmmern muss. Es folgen zwei bergige Radtage, die jeweils \u00fcber 1.000 HM f\u00fcr uns bereithalten. Dazu warmes Wetter, kaum Verkehr und eine tolle Landschaft, was will man mehr. &nbsp;<\/p>\n<p>Dicht bewaldete, steile H\u00fcgel, gr\u00fcn gr\u00fcn und nochmal gr\u00fcn, links von uns meist der Fluss. Am Morgen h\u00e4ngt der Nebel in den H\u00fcgeln, was der Szenerie eine mystische Stimmung verleiht. Sp\u00e4testens zur Mittagspause ist es so warm, dass wir uns \u00fcber jeden Schatten freuen und daf\u00fcr auch mal auf der falschen Stra\u00dfenseite fahren. Den wenigen Fahrzeugen, die hier unterwegs sind, scheint das nichts auszumachen.<\/p>\n<p>Nach De`an sind es 87 km und 1.021 HM. Die erste Tagesh\u00e4lfte vergeht wie im Fluge. Wir halten nur ganz selten zum Fotografieren an, mir haben es beispielsweise die stacheligen Bl\u00e4tter und gro\u00dfe schwarze Schmetterlinge angetan. In der Mittagspause sitzt eine kleine chinesische Gesellschaft neben uns, die fr\u00f6hlich Schnaps trinkt und immer lauter wird. Wir probieren nur den Apfelsaft, der ein wenig nach Essig schmeckt und f\u00fcr unseren Geschmack etwas zu stark gezuckert ist. In der Auslage befinden sich auch Bambusw\u00fcrmer und Bienenwaben, die wir aber dankend ablehnen und lieber nur gebratenen Reis bestellen.<\/p>\n<p>Die unangefochtene Bergk\u00f6nigin ist Renate. Das stellt sich auch wieder auf dem letzten Anstieg nach De`an heraus. Werner dagegen meistert die schnellsten Abfahrten, egal wie kurvig die Stra\u00dfe auch sein mag. Karlheinz f\u00e4hrt am liebsten in den gro\u00dfen G\u00e4ngen. Carola findet heute riesige Schnecken und der andere Werner macht mit seinem orangenen Helm eine gute Figur in der gr\u00fcnen Umgebung.<\/p>\n<p>De`an ist ein kleines Dorf, das noch von einem Lautsprecher mit Parolen beschallt wird. Die beginnen am Morgen kurz nach den H\u00e4hnen, ausschlafen kann man hier sicherlich nicht. Also sind auch wir vor acht auf der Stra\u00dfe. Die Strecke ist wegen Erweiterungsarbeiten zeitweise gesperrt, so dass wir am ersten Anstieg nahezu allein unterwegs sind. Oben angekommen zeigt sich kurz die Sonne, die Abfahrt im Nebel ist so k\u00fchl, dass man schon fast eine Jacke anziehen muss. Bis nach Pu`er sind es 106 km, und auf drei Anstiegen kommen knapp 1.600 HM zusammen.<\/p>\n<p>Das fr\u00fche Aufstehen hat sich gelohnt: wir sind schon um vier Uhr in Pu`er, wo ich einen kleinen Zivilisationsschock bekomme. Die R\u00e4der stellen wir in die Tiefgarage des Hotels ab, statt H\u00fchner- und Schweinest\u00e4llen befinden sich jetzt Bars und Restaurants in der unmittelbaren Umgebung, und zwar so viele, dass man sich kaum entscheiden kann. Die Ausgehmeile von Pu`er kommt sehr schick und gro\u00dfst\u00e4dtisch her\u00fcber, es gibt Hochglanzgesch\u00e4fte und Musicbars mit stylischen Innenr\u00e4umen, in denen angesagte Bands spielen. Bis zum Auftritt hat allerdings nur noch Werner durchgehalten. Uns anderen steckten die beiden sch\u00f6nen aber auch anstrengenden Radtage in den Knochen.<br \/>\n\n\t\t<style type=\"text\/css\">\n\t\t\t#gallery-1 {\n\t\t\t\tmargin: auto;\n\t\t\t}\n\t\t\t#gallery-1 .gallery-item {\n\t\t\t\tfloat: left;\n\t\t\t\tmargin-top: 10px;\n\t\t\t\ttext-align: center;\n\t\t\t\twidth: 33%;\n\t\t\t}\n\t\t\t#gallery-1 img {\n\t\t\t\tborder: 2px solid #cfcfcf;\n\t\t\t}\n\t\t\t#gallery-1 .gallery-caption {\n\t\t\t\tmargin-left: 0;\n\t\t\t}\n\t\t\t\/* see gallery_shortcode() in wp-includes\/media.php *\/\n\t\t<\/style>\n\t\t<div id='gallery-1' class='gallery galleryid-30050 gallery-columns-3 gallery-size-thumbnail'><dl class='gallery-item'>\n\t\t\t<dt class='gallery-icon landscape'>\n\t\t\t\t<a href='https:\/\/china-by-bike.de\/blog\/2017\/10\/so-schoen-kann-radeln-sein\/dsc04854\/'><img loading=\"lazy\" decoding=\"async\" width=\"150\" height=\"150\" src=\"https:\/\/china-by-bike.de\/blog\/wp-content\/uploads\/2017\/10\/DSC04854-150x150.jpg\" class=\"attachment-thumbnail size-thumbnail\" alt=\"\" \/><\/a>\n\t\t\t<\/dt><\/dl><dl class='gallery-item'>\n\t\t\t<dt class='gallery-icon landscape'>\n\t\t\t\t<a href='https:\/\/china-by-bike.de\/blog\/2017\/10\/so-schoen-kann-radeln-sein\/dsc04855\/'><img loading=\"lazy\" decoding=\"async\" width=\"150\" height=\"150\" src=\"https:\/\/china-by-bike.de\/blog\/wp-content\/uploads\/2017\/10\/DSC04855-150x150.jpg\" class=\"attachment-thumbnail size-thumbnail\" alt=\"\" \/><\/a>\n\t\t\t<\/dt><\/dl><dl class='gallery-item'>\n\t\t\t<dt class='gallery-icon landscape'>\n\t\t\t\t<a href='https:\/\/china-by-bike.de\/blog\/2017\/10\/so-schoen-kann-radeln-sein\/dsc04857\/'><img loading=\"lazy\" decoding=\"async\" width=\"150\" height=\"150\" src=\"https:\/\/china-by-bike.de\/blog\/wp-content\/uploads\/2017\/10\/DSC04857-150x150.jpg\" class=\"attachment-thumbnail size-thumbnail\" alt=\"\" \/><\/a>\n\t\t\t<\/dt><\/dl><br style=\"clear: both\" \/><dl class='gallery-item'>\n\t\t\t<dt class='gallery-icon landscape'>\n\t\t\t\t<a href='https:\/\/china-by-bike.de\/blog\/2017\/10\/so-schoen-kann-radeln-sein\/dsc04862\/'><img loading=\"lazy\" decoding=\"async\" width=\"150\" height=\"150\" src=\"https:\/\/china-by-bike.de\/blog\/wp-content\/uploads\/2017\/10\/DSC04862-150x150.jpg\" class=\"attachment-thumbnail size-thumbnail\" alt=\"\" \/><\/a>\n\t\t\t<\/dt><\/dl><dl class='gallery-item'>\n\t\t\t<dt class='gallery-icon landscape'>\n\t\t\t\t<a href='https:\/\/china-by-bike.de\/blog\/2017\/10\/so-schoen-kann-radeln-sein\/dsc04858\/'><img loading=\"lazy\" decoding=\"async\" width=\"150\" height=\"150\" src=\"https:\/\/china-by-bike.de\/blog\/wp-content\/uploads\/2017\/10\/DSC04858-150x150.jpg\" class=\"attachment-thumbnail size-thumbnail\" alt=\"\" \/><\/a>\n\t\t\t<\/dt><\/dl><dl class='gallery-item'>\n\t\t\t<dt class='gallery-icon landscape'>\n\t\t\t\t<a href='https:\/\/china-by-bike.de\/blog\/2017\/10\/so-schoen-kann-radeln-sein\/dsc04863\/'><img loading=\"lazy\" decoding=\"async\" width=\"150\" height=\"150\" src=\"https:\/\/china-by-bike.de\/blog\/wp-content\/uploads\/2017\/10\/DSC04863-150x150.jpg\" class=\"attachment-thumbnail size-thumbnail\" alt=\"\" \/><\/a>\n\t\t\t<\/dt><\/dl><br style=\"clear: both\" \/><dl class='gallery-item'>\n\t\t\t<dt class='gallery-icon landscape'>\n\t\t\t\t<a href='https:\/\/china-by-bike.de\/blog\/2017\/10\/so-schoen-kann-radeln-sein\/dsc04865\/'><img loading=\"lazy\" decoding=\"async\" width=\"150\" height=\"150\" src=\"https:\/\/china-by-bike.de\/blog\/wp-content\/uploads\/2017\/10\/DSC04865-150x150.jpg\" class=\"attachment-thumbnail size-thumbnail\" alt=\"\" \/><\/a>\n\t\t\t<\/dt><\/dl><dl class='gallery-item'>\n\t\t\t<dt class='gallery-icon landscape'>\n\t\t\t\t<a href='https:\/\/china-by-bike.de\/blog\/2017\/10\/so-schoen-kann-radeln-sein\/dsc04866\/'><img loading=\"lazy\" decoding=\"async\" width=\"150\" height=\"150\" src=\"https:\/\/china-by-bike.de\/blog\/wp-content\/uploads\/2017\/10\/DSC04866-150x150.jpg\" class=\"attachment-thumbnail size-thumbnail\" alt=\"\" \/><\/a>\n\t\t\t<\/dt><\/dl><dl class='gallery-item'>\n\t\t\t<dt class='gallery-icon landscape'>\n\t\t\t\t<a href='https:\/\/china-by-bike.de\/blog\/2017\/10\/so-schoen-kann-radeln-sein\/dsc04870\/'><img loading=\"lazy\" decoding=\"async\" width=\"150\" height=\"150\" src=\"https:\/\/china-by-bike.de\/blog\/wp-content\/uploads\/2017\/10\/DSC04870-150x150.jpg\" class=\"attachment-thumbnail size-thumbnail\" alt=\"\" \/><\/a>\n\t\t\t<\/dt><\/dl><br style=\"clear: both\" \/><dl class='gallery-item'>\n\t\t\t<dt class='gallery-icon landscape'>\n\t\t\t\t<a href='https:\/\/china-by-bike.de\/blog\/2017\/10\/so-schoen-kann-radeln-sein\/dsc04872\/'><img loading=\"lazy\" decoding=\"async\" width=\"150\" height=\"150\" src=\"https:\/\/china-by-bike.de\/blog\/wp-content\/uploads\/2017\/10\/DSC04872-150x150.jpg\" class=\"attachment-thumbnail size-thumbnail\" alt=\"\" \/><\/a>\n\t\t\t<\/dt><\/dl><dl class='gallery-item'>\n\t\t\t<dt class='gallery-icon landscape'>\n\t\t\t\t<a href='https:\/\/china-by-bike.de\/blog\/2017\/10\/so-schoen-kann-radeln-sein\/dsc04873\/'><img loading=\"lazy\" decoding=\"async\" width=\"150\" height=\"150\" src=\"https:\/\/china-by-bike.de\/blog\/wp-content\/uploads\/2017\/10\/DSC04873-150x150.jpg\" class=\"attachment-thumbnail size-thumbnail\" alt=\"\" \/><\/a>\n\t\t\t<\/dt><\/dl><dl class='gallery-item'>\n\t\t\t<dt class='gallery-icon landscape'>\n\t\t\t\t<a href='https:\/\/china-by-bike.de\/blog\/2017\/10\/so-schoen-kann-radeln-sein\/dsc04875\/'><img loading=\"lazy\" decoding=\"async\" width=\"150\" height=\"150\" src=\"https:\/\/china-by-bike.de\/blog\/wp-content\/uploads\/2017\/10\/DSC04875-150x150.jpg\" class=\"attachment-thumbnail size-thumbnail\" alt=\"\" \/><\/a>\n\t\t\t<\/dt><\/dl><br style=\"clear: both\" \/><dl class='gallery-item'>\n\t\t\t<dt class='gallery-icon landscape'>\n\t\t\t\t<a href='https:\/\/china-by-bike.de\/blog\/2017\/10\/so-schoen-kann-radeln-sein\/dsc04877\/'><img loading=\"lazy\" decoding=\"async\" width=\"150\" height=\"150\" src=\"https:\/\/china-by-bike.de\/blog\/wp-content\/uploads\/2017\/10\/DSC04877-150x150.jpg\" class=\"attachment-thumbnail size-thumbnail\" alt=\"\" \/><\/a>\n\t\t\t<\/dt><\/dl><dl class='gallery-item'>\n\t\t\t<dt class='gallery-icon landscape'>\n\t\t\t\t<a href='https:\/\/china-by-bike.de\/blog\/2017\/10\/so-schoen-kann-radeln-sein\/dsc04885\/'><img loading=\"lazy\" decoding=\"async\" width=\"150\" height=\"150\" src=\"https:\/\/china-by-bike.de\/blog\/wp-content\/uploads\/2017\/10\/DSC04885-150x150.jpg\" class=\"attachment-thumbnail size-thumbnail\" alt=\"\" \/><\/a>\n\t\t\t<\/dt><\/dl><dl class='gallery-item'>\n\t\t\t<dt class='gallery-icon landscape'>\n\t\t\t\t<a href='https:\/\/china-by-bike.de\/blog\/2017\/10\/so-schoen-kann-radeln-sein\/dsc04883\/'><img loading=\"lazy\" decoding=\"async\" width=\"150\" height=\"150\" src=\"https:\/\/china-by-bike.de\/blog\/wp-content\/uploads\/2017\/10\/DSC04883-150x150.jpg\" class=\"attachment-thumbnail size-thumbnail\" alt=\"\" \/><\/a>\n\t\t\t<\/dt><\/dl><br style=\"clear: both\" \/><dl class='gallery-item'>\n\t\t\t<dt class='gallery-icon landscape'>\n\t\t\t\t<a href='https:\/\/china-by-bike.de\/blog\/2017\/10\/so-schoen-kann-radeln-sein\/dsc04888\/'><img loading=\"lazy\" decoding=\"async\" width=\"150\" height=\"150\" src=\"https:\/\/china-by-bike.de\/blog\/wp-content\/uploads\/2017\/10\/DSC04888-150x150.jpg\" class=\"attachment-thumbnail size-thumbnail\" alt=\"\" \/><\/a>\n\t\t\t<\/dt><\/dl><dl class='gallery-item'>\n\t\t\t<dt class='gallery-icon landscape'>\n\t\t\t\t<a href='https:\/\/china-by-bike.de\/blog\/2017\/10\/so-schoen-kann-radeln-sein\/dsc04890\/'><img loading=\"lazy\" decoding=\"async\" width=\"150\" height=\"150\" src=\"https:\/\/china-by-bike.de\/blog\/wp-content\/uploads\/2017\/10\/DSC04890-150x150.jpg\" class=\"attachment-thumbnail size-thumbnail\" alt=\"\" \/><\/a>\n\t\t\t<\/dt><\/dl><dl class='gallery-item'>\n\t\t\t<dt class='gallery-icon portrait'>\n\t\t\t\t<a href='https:\/\/china-by-bike.de\/blog\/2017\/10\/so-schoen-kann-radeln-sein\/dsc04892\/'><img loading=\"lazy\" decoding=\"async\" width=\"150\" height=\"150\" src=\"https:\/\/china-by-bike.de\/blog\/wp-content\/uploads\/2017\/10\/DSC04892-150x150.jpg\" class=\"attachment-thumbnail size-thumbnail\" alt=\"\" \/><\/a>\n\t\t\t<\/dt><\/dl><br style=\"clear: both\" \/><dl class='gallery-item'>\n\t\t\t<dt class='gallery-icon landscape'>\n\t\t\t\t<a href='https:\/\/china-by-bike.de\/blog\/2017\/10\/so-schoen-kann-radeln-sein\/dsc04896\/'><img loading=\"lazy\" decoding=\"async\" width=\"150\" height=\"150\" src=\"https:\/\/china-by-bike.de\/blog\/wp-content\/uploads\/2017\/10\/DSC04896-150x150.jpg\" class=\"attachment-thumbnail size-thumbnail\" alt=\"\" \/><\/a>\n\t\t\t<\/dt><\/dl>\n\t\t\t<br style='clear: both' \/>\n\t\t<\/div>\n<br \/>\n<strong>Strecke vom 09.10.2017 (Zhenyuan nach De&#8217;an)<\/strong>[map style=&#8220;width: auto; height:400px; margin:20px 0px 20px 0px; border: 1px solid black;&#8220; gpx=&#8220;https:\/\/china-by-bike.de\/blog\/wp-content\/uploads\/2017-10-09_Cha173.gpx&#8220;]<br \/>\n<strong>Strecke vom 10.10.2017 (De&#8217;an nach Pu&#8217;er)<\/strong>[map style=&#8220;width: auto; height:400px; margin:20px 0px 20px 0px; border: 1px solid black;&#8220; gpx=&#8220;https:\/\/china-by-bike.de\/blog\/wp-content\/uploads\/2017-10-10_Cha173.gpx&#8220;]<\/p>\n","protected":false},"excerpt":{"rendered":"<p>Entlang der Teestra\u00dfe, 24.09. bis 16.11.2017 Von Zhenyuan \u00fcber De`an nach Pu`er Ab Zhenyuan begleitet uns Xiao Ding, weil sich Xiao Luo f\u00fcr ein paar Tage um die kleine Tochter k\u00fcmmern muss. Es folgen zwei bergige Radtage, die jeweils \u00fcber 1.000 HM f\u00fcr uns bereithalten. Dazu warmes Wetter, kaum Verkehr und eine tolle Landschaft, was will man mehr. &nbsp; Dicht bewaldete, steile H\u00fcgel, gr\u00fcn gr\u00fcn und nochmal gr\u00fcn, links von uns meist der Fluss. Am Morgen h\u00e4ngt der Nebel in&#8230;<\/p>\n<p class=\"continue-reading-button\"> <a class=\"continue-reading-link\" href=\"https:\/\/china-by-bike.de\/blog\/2017\/10\/so-schoen-kann-radeln-sein\/\">Weiter lesen!<i class=\"crycon-right-dir\"><\/i><\/a><\/p>\n","protected":false},"author":15,"featured_media":30067,"comment_status":"open","ping_status":"open","sticky":false,"template":"","format":"standard","meta":{"ngg_post_thumbnail":0,"footnotes":""},"categories":[178],"tags":[210],"jetpack_featured_media_url":"https:\/\/china-by-bike.de\/blog\/wp-content\/uploads\/2017\/10\/DSC04885.jpg","_links":{"self":[{"href":"https:\/\/china-by-bike.de\/blog\/wp-json\/wp\/v2\/posts\/30050"}],"collection":[{"href":"https:\/\/china-by-bike.de\/blog\/wp-json\/wp\/v2\/posts"}],"about":[{"href":"https:\/\/china-by-bike.de\/blog\/wp-json\/wp\/v2\/types\/post"}],"author":[{"embeddable":true,"href":"https:\/\/china-by-bike.de\/blog\/wp-json\/wp\/v2\/users\/15"}],"replies":[{"embeddable":true,"href":"https:\/\/china-by-bike.de\/blog\/wp-json\/wp\/v2\/comments?post=30050"}],"version-history":[{"count":17,"href":"https:\/\/china-by-bike.de\/blog\/wp-json\/wp\/v2\/posts\/30050\/revisions"}],"predecessor-version":[{"id":30774,"href":"https:\/\/china-by-bike.de\/blog\/wp-json\/wp\/v2\/posts\/30050\/revisions\/30774"}],"wp:featuredmedia":[{"embeddable":true,"href":"https:\/\/china-by-bike.de\/blog\/wp-json\/wp\/v2\/media\/30067"}],"wp:attachment":[{"href":"https:\/\/china-by-bike.de\/blog\/wp-json\/wp\/v2\/media?parent=30050"}],"wp:term":[{"taxonomy":"category","embeddable":true,"href":"https:\/\/china-by-bike.de\/blog\/wp-json\/wp\/v2\/categories?post=30050"},{"taxonomy":"post_tag","embeddable":true,"href":"https:\/\/china-by-bike.de\/blog\/wp-json\/wp\/v2\/tags?post=30050"}],"curies":[{"name":"wp","href":"https:\/\/api.w.org\/{rel}","templated":true}]}}