{"id":43831,"date":"2020-09-23T15:00:13","date_gmt":"2020-09-23T13:00:13","guid":{"rendered":"https:\/\/china-by-bike.de\/blog\/?p=43831"},"modified":"2020-09-23T15:00:13","modified_gmt":"2020-09-23T13:00:13","slug":"newsletter_september","status":"publish","type":"post","link":"https:\/\/china-by-bike.de\/blog\/2020\/09\/newsletter_september\/","title":{"rendered":"Newsletter September 2020"},"content":{"rendered":"<p><center><\/center>&nbsp;<\/p>\n<table id=\"bodyTable\" style=\"border-collapse: collapse; mso-table-lspace: 0pt; mso-table-rspace: 0pt; -ms-text-size-adjust: 100%; -webkit-text-size-adjust: 100%; height: 100%; margin: 0; padding: 0; width: 100%;\" border=\"0\" width=\"100%\" cellspacing=\"0\" cellpadding=\"0\" align=\"center\">\n<tbody>\n<tr>\n<td id=\"bodyCell\" style=\"mso-line-height-rule: exactly; -ms-text-size-adjust: 100%; -webkit-text-size-adjust: 100%; height: 100%; margin: 0; padding: 0; width: 100%;\" align=\"center\" valign=\"top\"><!-- BEGIN TEMPLATE \/\/ --><\/p>\n<table style=\"border-collapse: collapse; mso-table-lspace: 0pt; mso-table-rspace: 0pt; -ms-text-size-adjust: 100%; -webkit-text-size-adjust: 100%;\" border=\"0\" width=\"100%\" cellspacing=\"0\" cellpadding=\"0\">\n<tbody>\n<tr>\n<td id=\"templateHeader\" style=\"background: #ffffff none no-repeat scroll center center \/ cover; border-top: 0px none; border-bottom: 0px none; padding-top: 45px; padding-bottom: 45px; width: 100%;\" align=\"center\" valign=\"top\" data-template-container=\"\"><!-- [if (gte mso 9)|(IE)]>\n\n\n<table align=\"center\" border=\"0\" cellspacing=\"0\" cellpadding=\"0\" width=\"600\" style=\"width:600px;\">\n\n\n<tr>\n\n\n<td align=\"center\" valign=\"top\" width=\"600\" style=\"width:600px;\">\n                                    <![endif]--><\/p>\n<table class=\"templateContainer\" style=\"border-collapse: collapse; mso-table-lspace: 0pt; mso-table-rspace: 0pt; -ms-text-size-adjust: 100%; -webkit-text-size-adjust: 100%; max-width: 600px !important;\" border=\"0\" width=\"100%\" cellspacing=\"0\" cellpadding=\"0\" align=\"center\">\n<tbody>\n<tr>\n<td class=\"headerContainer\" style=\"background: transparent none no-repeat scroll center center \/ cover; border-top: 0px none; border-bottom: 0px none; padding-top: 0px; padding-bottom: 0px; width: 100%;\" valign=\"top\">\n<table class=\"mcnImageBlock\" style=\"min-width: 100%; border-collapse: collapse; mso-table-lspace: 0pt; mso-table-rspace: 0pt; -ms-text-size-adjust: 100%; -webkit-text-size-adjust: 100%;\" border=\"0\" width=\"100%\" cellspacing=\"0\" cellpadding=\"0\">\n<tbody class=\"mcnImageBlockOuter\">\n<tr>\n<td class=\"mcnImageBlockInner\" style=\"padding: 9px; mso-line-height-rule: exactly; -ms-text-size-adjust: 100%; -webkit-text-size-adjust: 100%;\" valign=\"top\">\n<table class=\"mcnImageContentContainer\" style=\"min-width: 100%; border-collapse: collapse; mso-table-lspace: 0pt; mso-table-rspace: 0pt; -ms-text-size-adjust: 100%; -webkit-text-size-adjust: 100%;\" border=\"0\" width=\"100%\" cellspacing=\"0\" cellpadding=\"0\" align=\"left\">\n<tbody>\n<tr>\n<td class=\"mcnImageContent\" style=\"text-align: center; padding: 0px 9px; width: 100%;\" valign=\"top\"><img decoding=\"async\" class=\"mcnImage\" style=\"max-width: 1200px; padding-bottom: 0; display: inline !important; vertical-align: bottom; border: 0; height: auto; outline: none; text-decoration: none; -ms-interpolation-mode: bicubic;\" src=\"https:\/\/mcusercontent.com\/9fe305b335a6fb0c25ec29d37\/images\/160dcfee-3e8d-486f-9bea-be1f282987de.jpg\" alt=\"\" width=\"564\" align=\"middle\" \/><\/td>\n<\/tr>\n<\/tbody>\n<\/table>\n<\/td>\n<\/tr>\n<\/tbody>\n<\/table>\n<table class=\"mcnTextBlock\" style=\"min-width: 100%; border-collapse: collapse; height: 19px; width: 94.59%;\" border=\"0\" width=\"589\" cellspacing=\"0\" cellpadding=\"0\">\n<tbody class=\"mcnTextBlockOuter\">\n<tr>\n<td class=\"mcnTextBlockInner\" style=\"padding-top: 9px; mso-line-height-rule: exactly; -ms-text-size-adjust: 100%; -webkit-text-size-adjust: 100%;\" valign=\"top\"><\/td>\n<\/tr>\n<\/tbody>\n<\/table>\n<table class=\"mcnTextBlock\" style=\"min-width: 100%; border-collapse: collapse; mso-table-lspace: 0pt; mso-table-rspace: 0pt; -ms-text-size-adjust: 100%; -webkit-text-size-adjust: 100%;\" border=\"0\" width=\"100%\" cellspacing=\"0\" cellpadding=\"0\">\n<tbody class=\"mcnTextBlockOuter\">\n<tr>\n<td class=\"mcnTextBlockInner\" style=\"padding-top: 9px; width: 100%;\" valign=\"top\"><!-- [if mso]>\n\n\n<table align=\"left\" border=\"0\" cellspacing=\"0\" cellpadding=\"0\" width=\"100%\" style=\"width:100%;\">\n\n\n<tr>\n\t\t\t\t<![endif]--><!-- [if mso]>\n\n\n<td valign=\"top\" width=\"600\" style=\"width:600px;\">\n\t\t\t\t<![endif]--><\/p>\n<table class=\"mcnTextContentContainer\" style=\"max-width: 100%; min-width: 100%; border-collapse: collapse; mso-table-lspace: 0pt; mso-table-rspace: 0pt; -ms-text-size-adjust: 100%; -webkit-text-size-adjust: 100%;\" border=\"0\" width=\"100%\" cellspacing=\"0\" cellpadding=\"0\" align=\"left\">\n<tbody>\n<tr>\n<td class=\"mcnTextContent\" style=\"mso-line-height-rule: exactly; -ms-text-size-adjust: 100%; -webkit-text-size-adjust: 100%; word-break: break-word; color: #757575; font-family: Helvetica; font-size: 16px; line-height: 150%; text-align: left; padding: 0 18px 9px 18px;\" valign=\"top\">\n<p>Liebe Radlerinnen und Radler!<\/p>\n<p>Asien liegt im Moment nicht nur geograhisch weit entfernt. Leider ist nicht damit zu rechnen, dass Radreisen in Asien dieses Jahr noch m\u00f6glich sein werden. Schweren Herzens sagen wir hiermit alle verbliebenen Asientermine f\u00fcr 2020 ab. Besonders schwer f\u00e4llt uns das bei der Reise <strong><a style=\"mso-line-height-rule: exactly; -ms-text-size-adjust: 100%; -webkit-text-size-adjust: 100%; color: #007c89; font-weight: normal; text-decoration: underline;\" href=\"http:\/\/www.china-by-bike.de\/kam\" target=\"_blank\" rel=\"noopener noreferrer\">Auf den Spuren der Khmer<\/a><\/strong>, die sicherlich eine unserer sch\u00f6nsten und abwechslungsreichsten ist. Da aus Laos und Kambodscha jedoch vorsichtig optimistische Signale kommen, gehen wir davon aus, dass S\u00fcdostasien im Fr\u00fchjahr 2021 wieder mit dem Rad erfahrbar sein wird.<\/p>\n<p>Bis Touren in China und den Nachbarl\u00e4ndern wieder m\u00f6glich sein werden, werden wir uns auf unsere Deutschland und Europatouren beschr\u00e4nken. Das Konzept der &#8222;Heimattouren&#8220; werden wir ausbauen, im ersten Halbjahr 2021 geht es wieder in die Oberpfalz, nach Niedersachsen und auf den Balkan. Falls ihr bis dahin nicht warten k\u00f6nnt: Die Oberpfalztour gibt es noch einmal im Oktober 2020 und zum Jahrestag des Mauerfalls laden wir zu einer kleinen Berlinradtour. Dies wird vom 06. &#8211; 10.11.2020 sein, die Tour folgt dem Berliner Mauerweg, aber auch in der Hauptstadt werden wir so Einiges entdecken. Mehr dazu demn\u00e4chst an dieser Stelle.<\/p>\n<p>Und dann ist da nat\u00fcrlich noch die Schlussetappe der Radweltreise von Lissabon nach Berlin. Wir freuen uns \u00fcber die vielen Mitradlerinnen und Mitradler, die weiterhin dabei sind &#8211; einige den gesamten <a style=\"mso-line-height-rule: exactly; -ms-text-size-adjust: 100%; -webkit-text-size-adjust: 100%; color: #007c89; font-weight: normal; text-decoration: underline;\" href=\"http:\/\/around-the-world.bike\/reiseverlauf\/der-schoene-weg-nach-hause-lissabon-berlin\" target=\"_blank\" rel=\"noopener noreferrer\"><strong>Sch\u00f6nen Weg nach Hause<\/strong><\/a>, viele auf ausgesuchten Teiletappen. Und hoffen nat\u00fcrlich auch auf weitere Teilnehmer. Zum Appetitanregen pr\u00e4sentieren wir hier noch einmal die sch\u00f6nsten Abschnitte unserer Europaradtour. Auf allen beschriebenen Etappen sind noch Restpl\u00e4tze frei, die Durchf\u00fchrung ist gesichert.<\/td>\n<\/tr>\n<\/tbody>\n<\/table>\n<p><!-- [if mso]><\/td>\n\n\n<![endif]--><\/p>\n<p><!-- [if mso]><\/tr>\n\n\n<\/table>\n\n\n<![endif]--><\/td>\n<\/tr>\n<\/tbody>\n<\/table>\n<table class=\"mcnTextBlock\" style=\"min-width: 100%; border-collapse: collapse; mso-table-lspace: 0pt; mso-table-rspace: 0pt; -ms-text-size-adjust: 100%; -webkit-text-size-adjust: 100%;\" border=\"0\" width=\"100%\" cellspacing=\"0\" cellpadding=\"0\">\n<tbody class=\"mcnTextBlockOuter\">\n<tr>\n<td class=\"mcnTextBlockInner\" style=\"padding-top: 9px; width: 100%;\" valign=\"top\"><!-- [if mso]>\n\n\n<table align=\"left\" border=\"0\" cellspacing=\"0\" cellpadding=\"0\" width=\"100%\" style=\"width:100%;\">\n\n\n<tr>\n\t\t\t\t<![endif]--><!-- [if mso]>\n\n\n<td valign=\"top\" width=\"600\" style=\"width:600px;\">\n\t\t\t\t<![endif]--><\/p>\n<table class=\"mcnTextContentContainer\" style=\"max-width: 100%; min-width: 100%; border-collapse: collapse; mso-table-lspace: 0pt; mso-table-rspace: 0pt; -ms-text-size-adjust: 100%; -webkit-text-size-adjust: 100%;\" border=\"0\" width=\"100%\" cellspacing=\"0\" cellpadding=\"0\" align=\"left\">\n<tbody>\n<tr>\n<td class=\"mcnTextContent\" style=\"mso-line-height-rule: exactly; -ms-text-size-adjust: 100%; -webkit-text-size-adjust: 100%; word-break: break-word; color: #757575; font-family: Helvetica; font-size: 16px; line-height: 150%; text-align: left; padding: 0 18px 9px 18px;\" valign=\"top\">\n<div style=\"text-align: center;\"><span style=\"font-size: 20px;\"><span style=\"font-family: arial,helvetica neue,helvetica,sans-serif;\"><strong>Der Sch\u00f6ne Weg nach Hause &#8211; Radtour von Lissabon nach Berlin<\/strong><\/span><\/span><\/div>\n<\/td>\n<\/tr>\n<\/tbody>\n<\/table>\n<p><!-- [if mso]><\/td>\n\n\n<![endif]--><\/p>\n<p><!-- [if mso]><\/tr>\n\n\n<\/table>\n\n\n<![endif]--><\/td>\n<\/tr>\n<\/tbody>\n<\/table>\n<table class=\"mcnTextBlock\" style=\"min-width: 100%; border-collapse: collapse; mso-table-lspace: 0pt; mso-table-rspace: 0pt; -ms-text-size-adjust: 100%; -webkit-text-size-adjust: 100%;\" border=\"0\" width=\"100%\" cellspacing=\"0\" cellpadding=\"0\">\n<tbody class=\"mcnTextBlockOuter\">\n<tr>\n<td class=\"mcnTextBlockInner\" style=\"padding-top: 9px; width: 100%;\" valign=\"top\"><!-- [if mso]>\n\n\n<table align=\"left\" border=\"0\" cellspacing=\"0\" cellpadding=\"0\" width=\"100%\" style=\"width:100%;\">\n\n\n<tr>\n\t\t\t\t<![endif]--><!-- [if mso]>\n\n\n<td valign=\"top\" width=\"600\" style=\"width:600px;\">\n\t\t\t\t<![endif]--><\/p>\n<table class=\"mcnTextContentContainer\" style=\"max-width: 100%; min-width: 100%; border-collapse: collapse; mso-table-lspace: 0pt; mso-table-rspace: 0pt; -ms-text-size-adjust: 100%; -webkit-text-size-adjust: 100%;\" border=\"0\" width=\"100%\" cellspacing=\"0\" cellpadding=\"0\" align=\"left\">\n<tbody>\n<tr>\n<td class=\"mcnTextContent\" style=\"padding: 0px 18px 9px; text-align: center; mso-line-height-rule: exactly; -ms-text-size-adjust: 100%; -webkit-text-size-adjust: 100%; word-break: break-word; color: #757575; font-family: Helvetica; font-size: 16px; line-height: 150%;\" valign=\"top\"><img loading=\"lazy\" decoding=\"async\" style=\"border: 0px none; width: 300px; height: 300px; margin: 0px; outline: none; text-decoration: none; -ms-interpolation-mode: bicubic;\" src=\"https:\/\/mcusercontent.com\/9fe305b335a6fb0c25ec29d37\/images\/d89f3915-1291-407c-a112-a109a189112c.jpg\" width=\"300\" height=\"300\" data-file-id=\"1720837\" \/><\/p>\n<div style=\"text-align: left;\">Von Lissabon nach Berlin geht unsere fast 4.500 Kilometer lange Reise durch Portugal, Spanien, Frankreich, Belgien, Holland und Deutschland. Wir folgen dem Jakobsweg, schnuppern Seeluft am Atlantik und radeln durch das malerische Loire-Tal. Entdecken das Fahrradwunderland Holland und folgen dem europ\u00e4ischen Fernradweg R1 bis zum Brandenburger Tor.<\/div>\n<p><a style=\"mso-line-height-rule: exactly; -ms-text-size-adjust: 100%; -webkit-text-size-adjust: 100%; color: #007c89; font-weight: normal; text-decoration: underline;\" href=\"http:\/\/around-the-world.bike\/reiseverlauf\/der-schoene-weg-nach-hause-lissabon-berlin\" target=\"_blank\" rel=\"noopener noreferrer\">Mehr erfahren -&gt;<\/a><\/td>\n<\/tr>\n<\/tbody>\n<\/table>\n<p><!-- [if mso]><\/td>\n\n\n<![endif]--><\/p>\n<p><!-- [if mso]><\/tr>\n\n\n<\/table>\n\n\n<![endif]--><\/td>\n<\/tr>\n<\/tbody>\n<\/table>\n<table class=\"mcnTextBlock\" style=\"min-width: 100%; border-collapse: collapse; mso-table-lspace: 0pt; mso-table-rspace: 0pt; -ms-text-size-adjust: 100%; -webkit-text-size-adjust: 100%;\" border=\"0\" width=\"100%\" cellspacing=\"0\" cellpadding=\"0\">\n<tbody class=\"mcnTextBlockOuter\">\n<tr>\n<td class=\"mcnTextBlockInner\" style=\"padding-top: 9px; width: 100%;\" valign=\"top\"><!-- [if mso]>\n\n\n<table align=\"left\" border=\"0\" cellspacing=\"0\" cellpadding=\"0\" width=\"100%\" style=\"width:100%;\">\n\n\n<tr>\n\t\t\t\t<![endif]--><!-- [if mso]>\n\n\n<td valign=\"top\" width=\"600\" style=\"width:600px;\">\n\t\t\t\t<![endif]--><\/p>\n<table class=\"mcnTextContentContainer\" style=\"max-width: 100%; min-width: 100%; border-collapse: collapse; mso-table-lspace: 0pt; mso-table-rspace: 0pt; -ms-text-size-adjust: 100%; -webkit-text-size-adjust: 100%;\" border=\"0\" width=\"100%\" cellspacing=\"0\" cellpadding=\"0\" align=\"left\">\n<tbody>\n<tr>\n<td class=\"mcnTextContent\" style=\"mso-line-height-rule: exactly; -ms-text-size-adjust: 100%; -webkit-text-size-adjust: 100%; word-break: break-word; color: #757575; font-family: Helvetica; font-size: 16px; line-height: 150%; text-align: left; padding: 0 18px 9px 18px;\" valign=\"top\">\n<div style=\"text-align: center;\"><span style=\"font-size: 20px;\"><span style=\"font-family: arial,helvetica neue,helvetica,sans-serif;\"><strong>Alle Wege f\u00fchren nach Santiago &#8211; Radtour von Lissabon nach Santiago de Compostella<\/strong><\/span><\/span><\/div>\n<\/td>\n<\/tr>\n<\/tbody>\n<\/table>\n<p><!-- [if mso]><\/td>\n\n\n<![endif]--><\/p>\n<p><!-- [if mso]><\/tr>\n\n\n<\/table>\n\n\n<![endif]--><\/td>\n<\/tr>\n<\/tbody>\n<\/table>\n<table class=\"mcnTextBlock\" style=\"min-width: 100%; border-collapse: collapse; mso-table-lspace: 0pt; mso-table-rspace: 0pt; -ms-text-size-adjust: 100%; -webkit-text-size-adjust: 100%;\" border=\"0\" width=\"100%\" cellspacing=\"0\" cellpadding=\"0\">\n<tbody class=\"mcnTextBlockOuter\">\n<tr>\n<td class=\"mcnTextBlockInner\" style=\"padding-top: 9px; width: 100%;\" valign=\"top\"><!-- [if mso]>\n\n\n<table align=\"left\" border=\"0\" cellspacing=\"0\" cellpadding=\"0\" width=\"100%\" style=\"width:100%;\">\n\n\n<tr>\n\t\t\t\t<![endif]--><!-- [if mso]>\n\n\n<td valign=\"top\" width=\"600\" style=\"width:600px;\">\n\t\t\t\t<![endif]--><\/p>\n<table class=\"mcnTextContentContainer\" style=\"max-width: 100%; min-width: 100%; border-collapse: collapse; mso-table-lspace: 0pt; mso-table-rspace: 0pt; -ms-text-size-adjust: 100%; -webkit-text-size-adjust: 100%;\" border=\"0\" width=\"100%\" cellspacing=\"0\" cellpadding=\"0\" align=\"left\">\n<tbody>\n<tr>\n<td class=\"mcnTextContent\" style=\"mso-line-height-rule: exactly; -ms-text-size-adjust: 100%; -webkit-text-size-adjust: 100%; word-break: break-word; color: #757575; font-family: Helvetica; font-size: 16px; line-height: 150%; text-align: left; padding: 0 18px 9px 18px;\" valign=\"top\">\n<p><img loading=\"lazy\" decoding=\"async\" style=\"border-image: none 100% \/ 1 \/ 0 stretch; width: 600px; height: 800px; margin: 0px; border: 0; outline: none; text-decoration: none; -ms-interpolation-mode: bicubic;\" src=\"https:\/\/mcusercontent.com\/9fe305b335a6fb0c25ec29d37\/images\/0047369d-7776-4d81-8114-ae4399909d26.jpg\" width=\"600\" height=\"800\" data-file-id=\"1720857\" \/><\/p>\n<p>Portugal und Spanien entdecken wir auf dem ersten Abschnitt unser paneurop\u00e4ischen Radtour. Von Lissabon f\u00fchrt uns diese recht anspruchsvolle Radtour \u00fcber das romantische Sintra, das mittelalterliche Obidos und Batalha mit seinem eindrucksvollen Kloster nach Coimbra. Von Portugals alter Hauptstadt radeln wir \u00fcber Aveiro, das \u201eVenedig Portugals\u201c nach Porto. Gest\u00e4rkt von dem einen oder anderen Wein geht es weiter, den Camino Portugues folgend nach Santiago de Compostella. Eine wunderbare Radtour, gespickt mit Highlights!<\/p>\n<div style=\"text-align: center;\"><a style=\"mso-line-height-rule: exactly; -ms-text-size-adjust: 100%; -webkit-text-size-adjust: 100%; color: #007c89; font-weight: normal; text-decoration: underline;\" href=\"http:\/\/around-the-world.bike\/blog\/lissabon-santiago\" target=\"_blank\" rel=\"noopener noreferrer\">Mehr erfahren -&gt;<\/a>\n<\/div>\n<\/td>\n<\/tr>\n<\/tbody>\n<\/table>\n<p><!-- [if mso]><\/td>\n\n\n<![endif]--><\/p>\n<p><!-- [if mso]><\/tr>\n\n\n<\/table>\n\n\n<![endif]--><\/td>\n<\/tr>\n<\/tbody>\n<\/table>\n<table class=\"mcnTextBlock\" style=\"min-width: 100%; border-collapse: collapse; mso-table-lspace: 0pt; mso-table-rspace: 0pt; -ms-text-size-adjust: 100%; -webkit-text-size-adjust: 100%;\" border=\"0\" width=\"100%\" cellspacing=\"0\" cellpadding=\"0\">\n<tbody class=\"mcnTextBlockOuter\">\n<tr>\n<td class=\"mcnTextBlockInner\" style=\"padding-top: 9px; width: 100%;\" valign=\"top\"><!-- [if mso]>\n\n\n<table align=\"left\" border=\"0\" cellspacing=\"0\" cellpadding=\"0\" width=\"100%\" style=\"width:100%;\">\n\n\n<tr>\n\t\t\t\t<![endif]--><!-- [if mso]>\n\n\n<td valign=\"top\" width=\"600\" style=\"width:600px;\">\n\t\t\t\t<![endif]--><\/p>\n<table class=\"mcnTextContentContainer\" style=\"max-width: 100%; min-width: 100%; border-collapse: collapse; mso-table-lspace: 0pt; mso-table-rspace: 0pt; -ms-text-size-adjust: 100%; -webkit-text-size-adjust: 100%;\" border=\"0\" width=\"100%\" cellspacing=\"0\" cellpadding=\"0\" align=\"left\">\n<tbody>\n<tr>\n<td class=\"mcnTextContent\" style=\"word-break: break-word; color: #757575; font-family: Helvetica; font-size: 16px; line-height: 150%; text-align: left; padding: 0px 18px 9px; width: 100%;\" valign=\"top\">\n<p><span style=\"font-family: arial,helvetica neue,helvetica,sans-serif;\"><strong><span style=\"font-size: 20px;\">Pilgern auf zwei R\u00e4dern &#8211; Der Jakobsweg mit dem Fahrrad<\/span><\/strong><\/p>\n<p><img loading=\"lazy\" decoding=\"async\" style=\"border: 0px; width: 600px; height: 450px; margin: 0px; outline: none; text-decoration: none; -ms-interpolation-mode: bicubic;\" src=\"https:\/\/mcusercontent.com\/9fe305b335a6fb0c25ec29d37\/images\/4018e3fe-a22c-404b-b87a-2acc17d3a553.jpg\" width=\"600\" height=\"450\" data-file-id=\"1720873\" \/><\/span><\/p>\n<p>Auf unserer Radtour von Santiago nach Bordeaux folgen wir vor allem dem Jakobsweg. Aber nicht nur! Zuerst radeln wir zum \u201eEnde der Welt\u201c, folgen der Atlantikk\u00fcste bis A Coru\u00f1a und pilgern dann den Jakobsweg in umgekehrte Richtung von Lugo nach Pamplona. Zum Abschluss g\u00f6nnen wir uns noch eine frische Meeresbrise und radeln schlie\u00dflich nach Bordeaux. Eine Radtour voller landschaftlicher, kultureller und kulinarischer Highlights.<\/p>\n<div style=\"text-align: center;\"><a style=\"mso-line-height-rule: exactly; -ms-text-size-adjust: 100%; -webkit-text-size-adjust: 100%; color: #007c89; font-weight: normal; text-decoration: underline;\" href=\"http:\/\/around-the-world.bike\/blog\/jakobsweg\" target=\"_blank\" rel=\"noopener noreferrer\">Mehr erfahren -&gt;<\/a><\/div>\n<p>&nbsp;<\/td>\n<\/tr>\n<\/tbody>\n<\/table>\n<p><!-- [if mso]><\/td>\n\n\n<![endif]--><\/p>\n<p><!-- [if mso]><\/tr>\n\n\n<\/table>\n\n\n<![endif]--><\/td>\n<\/tr>\n<\/tbody>\n<\/table>\n<table class=\"mcnTextBlock\" style=\"min-width: 100%; border-collapse: collapse; mso-table-lspace: 0pt; mso-table-rspace: 0pt; -ms-text-size-adjust: 100%; -webkit-text-size-adjust: 100%;\" border=\"0\" width=\"100%\" cellspacing=\"0\" cellpadding=\"0\">\n<tbody class=\"mcnTextBlockOuter\">\n<tr>\n<td class=\"mcnTextBlockInner\" style=\"padding-top: 9px; width: 100%;\" valign=\"top\"><!-- [if mso]>\n\n\n<table align=\"left\" border=\"0\" cellspacing=\"0\" cellpadding=\"0\" width=\"100%\" style=\"width:100%;\">\n\n\n<tr>\n\t\t\t\t<![endif]--><!-- [if mso]>\n\n\n<td valign=\"top\" width=\"600\" style=\"width:600px;\">\n\t\t\t\t<![endif]--><\/p>\n<table class=\"mcnTextContentContainer\" style=\"max-width: 100%; min-width: 100%; border-collapse: collapse; mso-table-lspace: 0pt; mso-table-rspace: 0pt; -ms-text-size-adjust: 100%; -webkit-text-size-adjust: 100%;\" border=\"0\" width=\"100%\" cellspacing=\"0\" cellpadding=\"0\" align=\"left\">\n<tbody>\n<tr>\n<td class=\"mcnTextContent\" style=\"mso-line-height-rule: exactly; -ms-text-size-adjust: 100%; -webkit-text-size-adjust: 100%; word-break: break-word; color: #757575; font-family: Helvetica; font-size: 16px; line-height: 150%; text-align: left; padding: 0 18px 9px 18px;\" valign=\"top\">\n<div style=\"text-align: center;\"><strong><span style=\"font-size: 20px;\"><span style=\"font-family: arial,helvetica neue,helvetica,sans-serif;\">Radeln wie Gott in Frankreich &#8211;<br \/>\nRadtour von Bordeaux nach Paris<\/span><\/span><\/strong><\/div>\n<\/td>\n<\/tr>\n<\/tbody>\n<\/table>\n<p><!-- [if mso]><\/td>\n\n\n<![endif]--><\/p>\n<p><!-- [if mso]><\/tr>\n\n\n<\/table>\n\n\n<![endif]--><\/td>\n<\/tr>\n<\/tbody>\n<\/table>\n<table class=\"mcnTextBlock\" style=\"min-width: 100%; border-collapse: collapse; mso-table-lspace: 0pt; mso-table-rspace: 0pt; -ms-text-size-adjust: 100%; -webkit-text-size-adjust: 100%;\" border=\"0\" width=\"100%\" cellspacing=\"0\" cellpadding=\"0\">\n<tbody class=\"mcnTextBlockOuter\">\n<tr>\n<td class=\"mcnTextBlockInner\" style=\"padding-top: 9px; width: 100%;\" valign=\"top\"><!-- [if mso]>\n\n\n<table align=\"left\" border=\"0\" cellspacing=\"0\" cellpadding=\"0\" width=\"100%\" style=\"width:100%;\">\n\n\n<tr>\n\t\t\t\t<![endif]--><!-- [if mso]>\n\n\n<td valign=\"top\" width=\"600\" style=\"width:600px;\">\n\t\t\t\t<![endif]--><\/p>\n<table class=\"mcnTextContentContainer\" style=\"max-width: 100%; min-width: 100%; border-collapse: collapse; mso-table-lspace: 0pt; mso-table-rspace: 0pt; -ms-text-size-adjust: 100%; -webkit-text-size-adjust: 100%;\" border=\"0\" width=\"100%\" cellspacing=\"0\" cellpadding=\"0\" align=\"left\">\n<tbody>\n<tr>\n<td class=\"mcnTextContent\" style=\"word-break: break-word; color: #757575; font-family: Helvetica; font-size: 16px; line-height: 150%; text-align: left; padding: 0px 18px 9px; width: 100%;\" valign=\"top\">\n<h4 class=\"null\" style=\"display: block; margin: 0; padding: 0; color: #949494; font-family: Georgia; font-size: 20px; font-style: italic; font-weight: normal; line-height: 125%; letter-spacing: normal; text-align: left;\"><img loading=\"lazy\" decoding=\"async\" style=\"border-image: none 100% \/ 1 \/ 0 stretch; width: 600px; height: 450px; margin: 0px; border: 0; outline: none; text-decoration: none; -ms-interpolation-mode: bicubic;\" src=\"https:\/\/gallery.mailchimp.com\/9fe305b335a6fb0c25ec29d37\/images\/84bd7ee0-0843-4499-a237-54045f4899e8.jpg\" width=\"600\" height=\"450\" data-file-id=\"1421737\" \/><\/h4>\n<p style=\"margin: 10px 0; padding: 0; mso-line-height-rule: exactly; -ms-text-size-adjust: 100%; -webkit-text-size-adjust: 100%; color: #757575; font-family: Helvetica; font-size: 16px; line-height: 150%; text-align: left;\">Von Bordeaux durch das M\u00e9doc in Richtung Norden. An der Atlantikk\u00fcste entlang bis nach La Rochelle. Den Loireradweg bis nach Orl\u00e9on. Die faszinierende Katedrale von Chartres. Und zum Abschluss Paris mit dem Fahrrad. Mehr Frankreich in knapp drei Wochen geht kaum!<\/p>\n<p style=\"margin: 10px 0; padding: 0; mso-line-height-rule: exactly; -ms-text-size-adjust: 100%; -webkit-text-size-adjust: 100%; color: #757575; font-family: Helvetica; font-size: 16px; line-height: 150%; text-align: left;\">Eine Tour zum Entdecken und Genie\u00dfen!\n<\/p>\n<p style=\"text-align: center; margin: 10px 0; padding: 0; mso-line-height-rule: exactly; -ms-text-size-adjust: 100%; -webkit-text-size-adjust: 100%; color: #757575; font-family: Helvetica; font-size: 16px; line-height: 150%;\"><a style=\"mso-line-height-rule: exactly; -ms-text-size-adjust: 100%; -webkit-text-size-adjust: 100%; color: #007c89; font-weight: normal; text-decoration: underline;\" href=\"http:\/\/around-the-world.bike\/blog\/radeln-wie-gott-in-frankreich\" target=\"_blank\" rel=\"noopener noreferrer\">Mehr erfahren -&gt;<\/a>\n<\/p>\n<\/td>\n<\/tr>\n<\/tbody>\n<\/table>\n<p><!-- [if mso]><\/td>\n\n\n<![endif]--><\/p>\n<p><!-- [if mso]><\/tr>\n\n\n<\/table>\n\n\n<![endif]--><\/td>\n<\/tr>\n<\/tbody>\n<\/table>\n<table class=\"mcnTextBlock\" style=\"min-width: 100%; border-collapse: collapse; mso-table-lspace: 0pt; mso-table-rspace: 0pt; -ms-text-size-adjust: 100%; -webkit-text-size-adjust: 100%;\" border=\"0\" width=\"100%\" cellspacing=\"0\" cellpadding=\"0\">\n<tbody class=\"mcnTextBlockOuter\">\n<tr>\n<td class=\"mcnTextBlockInner\" style=\"padding-top: 9px; width: 100%;\" valign=\"top\"><!-- [if mso]>\n\n\n<table align=\"left\" border=\"0\" cellspacing=\"0\" cellpadding=\"0\" width=\"100%\" style=\"width:100%;\">\n\n\n<tr>\n\t\t\t\t<![endif]--><!-- [if mso]>\n\n\n<td valign=\"top\" width=\"600\" style=\"width:600px;\">\n\t\t\t\t<![endif]--><\/p>\n<table class=\"mcnTextContentContainer\" style=\"max-width: 100%; min-width: 100%; border-collapse: collapse; mso-table-lspace: 0pt; mso-table-rspace: 0pt; -ms-text-size-adjust: 100%; -webkit-text-size-adjust: 100%;\" border=\"0\" width=\"100%\" cellspacing=\"0\" cellpadding=\"0\" align=\"left\">\n<tbody>\n<tr>\n<td class=\"mcnTextContent\" style=\"mso-line-height-rule: exactly; -ms-text-size-adjust: 100%; -webkit-text-size-adjust: 100%; word-break: break-word; color: #757575; font-family: Helvetica; font-size: 16px; line-height: 150%; text-align: left; padding: 0 18px 9px 18px;\" valign=\"top\">\n<div style=\"text-align: center;\"><strong><span style=\"font-size: 20px;\"><span style=\"font-family: arial,helvetica neue,helvetica,sans-serif;\">16 R\u00e4der ostw\u00e4rts &#8211; Radtour von Paris nach Berlin<\/span><\/span><\/strong><\/div>\n<\/td>\n<\/tr>\n<\/tbody>\n<\/table>\n<p><!-- [if mso]><\/td>\n\n\n<![endif]--><\/p>\n<p><!-- [if mso]><\/tr>\n\n\n<\/table>\n\n\n<![endif]--><\/td>\n<\/tr>\n<\/tbody>\n<\/table>\n<table class=\"mcnTextBlock\" style=\"min-width: 100%; border-collapse: collapse; mso-table-lspace: 0pt; mso-table-rspace: 0pt; -ms-text-size-adjust: 100%; -webkit-text-size-adjust: 100%;\" border=\"0\" width=\"100%\" cellspacing=\"0\" cellpadding=\"0\">\n<tbody class=\"mcnTextBlockOuter\">\n<tr>\n<td class=\"mcnTextBlockInner\" style=\"padding-top: 9px; width: 100%;\" valign=\"top\"><!-- [if mso]>\n\n\n<table align=\"left\" border=\"0\" cellspacing=\"0\" cellpadding=\"0\" width=\"100%\" style=\"width:100%;\">\n\n\n<tr>\n\t\t\t\t<![endif]--><!-- [if mso]>\n\n\n<td valign=\"top\" width=\"600\" style=\"width:600px;\">\n\t\t\t\t<![endif]--><\/p>\n<table class=\"mcnTextContentContainer\" style=\"max-width: 100%; min-width: 100%; border-collapse: collapse; mso-table-lspace: 0pt; mso-table-rspace: 0pt; -ms-text-size-adjust: 100%; -webkit-text-size-adjust: 100%;\" border=\"0\" width=\"100%\" cellspacing=\"0\" cellpadding=\"0\" align=\"left\">\n<tbody>\n<tr>\n<td class=\"mcnTextContent\" style=\"word-break: break-word; color: #757575; font-family: Helvetica; font-size: 16px; line-height: 150%; text-align: left; padding: 0px 18px 9px; width: 100%;\" valign=\"top\">\n<h4 class=\"null\" style=\"display: block; margin: 0; padding: 0; color: #949494; font-family: Georgia; font-size: 20px; font-style: italic; font-weight: normal; line-height: 125%; letter-spacing: normal; text-align: left;\"><img loading=\"lazy\" decoding=\"async\" style=\"border: 0px; width: 600px; height: 450px; margin: 0px; outline: none; text-decoration: none; -ms-interpolation-mode: bicubic;\" src=\"https:\/\/mcusercontent.com\/9fe305b335a6fb0c25ec29d37\/images\/0465fe04-befb-48f1-85fa-ff48be60d65a.jpg\" width=\"600\" height=\"450\" data-file-id=\"1721193\" \/><\/h4>\n<p style=\"margin: 10px 0; padding: 0; mso-line-height-rule: exactly; -ms-text-size-adjust: 100%; -webkit-text-size-adjust: 100%; color: #757575; font-family: Helvetica; font-size: 16px; line-height: 150%; text-align: left;\">Warum in die Ferne schweifen?!<\/p>\n<p style=\"margin: 10px 0; padding: 0; mso-line-height-rule: exactly; -ms-text-size-adjust: 100%; -webkit-text-size-adjust: 100%; color: #757575; font-family: Helvetica; font-size: 16px; line-height: 150%; text-align: left;\">Unser Heimatkontinent ist voller \u00dcberraschungen.<\/p>\n<p style=\"margin: 10px 0; padding: 0; mso-line-height-rule: exactly; -ms-text-size-adjust: 100%; -webkit-text-size-adjust: 100%; color: #757575; font-family: Helvetica; font-size: 16px; line-height: 150%; text-align: left;\">Wir entdecken Paris mit dem Rad, laufen durch die malerischen Altst\u00e4dte Belgiens, Hollands und Deutschlands, genie\u00dfen das Fahrradwunderland Holland und begeben uns durch einen kulinarischen Streifzug durch die K\u00fcchen Mitteleuropas. Eine wahrlich w\u00fcrdige letzte Etappe der Radweltreise. In Berlin schlie\u00dfen wir uns der Fahrradsternfahrt an und radeln stilvoll die Avus in Richtung Funkturm. Das \u201eSchmutzbier\u201c im <a style=\"mso-line-height-rule: exactly; -ms-text-size-adjust: 100%; -webkit-text-size-adjust: 100%; color: #007c89; font-weight: normal; text-decoration: underline;\" href=\"http:\/\/eschenbraeu.de\/\" target=\"_blank\" rel=\"noopener noreferrer\">Eschenbr\u00e4u<\/a> haben wir uns verdient!\n<\/p>\n<p style=\"text-align: center; margin: 10px 0; padding: 0; mso-line-height-rule: exactly; -ms-text-size-adjust: 100%; -webkit-text-size-adjust: 100%; color: #757575; font-family: Helvetica; font-size: 16px; line-height: 150%;\"><a style=\"mso-line-height-rule: exactly; -ms-text-size-adjust: 100%; -webkit-text-size-adjust: 100%; color: #007c89; font-weight: normal; text-decoration: underline;\" href=\"http:\/\/around-the-world.bike\/blog\/paris-berlin\" target=\"_blank\" rel=\"noopener noreferrer\">Mehr erfahren -&gt;<\/a><\/p>\n<\/td>\n<\/tr>\n<\/tbody>\n<\/table>\n<p><!-- [if mso]><\/td>\n\n\n<![endif]--><\/p>\n<p><!-- [if mso]><\/tr>\n\n\n<\/table>\n\n\n<![endif]--><\/td>\n<\/tr>\n<\/tbody>\n<\/table>\n<\/td>\n<\/tr>\n<\/tbody>\n<\/table>\n<p><!-- [if (gte mso 9)|(IE)]><\/td>\n\n\n<\/tr>\n\n\n<\/table>\n\n\n<![endif]--><\/td>\n<\/tr>\n<tr>\n<td id=\"templateBody\" style=\"background: #ffffff none no-repeat scroll center center \/ cover; border-top: 0px none; border-bottom: 0px none; padding-top: 36px; padding-bottom: 45px; width: 100%;\" align=\"center\" valign=\"top\" data-template-container=\"\"><!-- [if (gte mso 9)|(IE)]>\n\n\n<table align=\"center\" border=\"0\" cellspacing=\"0\" cellpadding=\"0\" width=\"600\" style=\"width:600px;\">\n\n\n<tr>\n\n\n<td align=\"center\" valign=\"top\" width=\"600\" style=\"width:600px;\">\n                                    <![endif]--><\/p>\n<table class=\"templateContainer\" style=\"border-collapse: collapse; mso-table-lspace: 0pt; mso-table-rspace: 0pt; -ms-text-size-adjust: 100%; -webkit-text-size-adjust: 100%; max-width: 600px !important;\" border=\"0\" width=\"100%\" cellspacing=\"0\" cellpadding=\"0\" align=\"center\">\n<tbody>\n<tr>\n<td class=\"bodyContainer\" style=\"background: transparent none no-repeat scroll center center \/ cover; border-top: 0px none; border-bottom: 0px none; padding-top: 0px; padding-bottom: 0px; width: 100%;\" valign=\"top\">\n<table class=\"mcnTextBlock\" style=\"min-width: 100%; border-collapse: collapse; mso-table-lspace: 0pt; mso-table-rspace: 0pt; -ms-text-size-adjust: 100%; -webkit-text-size-adjust: 100%;\" border=\"0\" width=\"100%\" cellspacing=\"0\" cellpadding=\"0\">\n<tbody class=\"mcnTextBlockOuter\">\n<tr>\n<td class=\"mcnTextBlockInner\" style=\"padding-top: 9px; width: 100%;\" valign=\"top\"><!-- [if mso]>\n\n\n<table align=\"left\" border=\"0\" cellspacing=\"0\" cellpadding=\"0\" width=\"100%\" style=\"width:100%;\">\n\n\n<tr>\n\t\t\t\t<![endif]--><!-- [if mso]>\n\n\n<td valign=\"top\" width=\"600\" style=\"width:600px;\">\n\t\t\t\t<![endif]--><\/p>\n<table class=\"mcnTextContentContainer\" style=\"max-width: 100%; min-width: 100%; border-collapse: collapse; mso-table-lspace: 0pt; mso-table-rspace: 0pt; -ms-text-size-adjust: 100%; -webkit-text-size-adjust: 100%;\" border=\"0\" width=\"100%\" cellspacing=\"0\" cellpadding=\"0\" align=\"left\">\n<tbody>\n<tr>\n<td class=\"mcnTextContent\" style=\"word-break: break-word; color: #757575; font-family: Helvetica; font-size: 16px; line-height: 150%; text-align: left; padding: 0px 18px 9px; width: 100%;\" valign=\"top\">\n<p><strong><img loading=\"lazy\" decoding=\"async\" style=\"border-image: none 100% \/ 1 \/ 0 stretch; width: 600px; height: 450px; margin: 0px; border: 0; outline: none; text-decoration: none; -ms-interpolation-mode: bicubic;\" src=\"https:\/\/mcusercontent.com\/9fe305b335a6fb0c25ec29d37\/_compresseds\/d7f19e7b-4b8c-4834-9701-4bb086372aa0.jpg\" width=\"600\" height=\"450\" data-file-id=\"2278821\" \/><\/p>\n<p>Oh wie sch\u00f6n ist unsere Heimat!<br \/>\nRadtour in der Oberpfalz<\/strong><br \/>\nDie erste Heimattour f\u00fchrte August 2020 unser Gesch\u00e4ftsf\u00fchrer Volker H\u00e4ring mit einer 12-t\u00e4gigen Schleife durch die n\u00f6rdliche Oberpfalz, die mit einem Abstecher nach Franken in seiner Geburtsstadt N\u00fcrnberg endete. Aufgrund der begeisterten Reaktion der Teilnehmer des ersten Termins bieten wir diese Tour nun noch einmal im Oktober 2020 an &#8211; und f\u00fcr Langzeitplaner auch im Juli 2021.<\/p>\n<p>Es ist ein Raderlebnis f\u00fcr Entdecker &#8211; ein St\u00fcck Deutschland, das zu Unrecht selten besucht und noch seltener mit dem Rad bereist wird, obwohl die Oberpfalz sowohl landschaftlich als auch kulturell zu den vielf\u00e4ltigsten Regionen Deutschlands geh\u00f6rt. Wer China By Bike schon immer mal kennenlernen wollte, gerne alte Bekannte wiedersehen oder mal wieder mit Volker unterwegs sein m\u00f6chte, ist bei dieser Tour richtig. F\u00fcr leibliches Wohl mit leckeren kulinarischen Spezialit\u00e4ten ist wie gewohnt gesorgt!<\/p>\n<p>Termine:<br \/>\n09. &#8211; 20.10.2020 (Anmeldeschluss 25.09.2020)<br \/>\n25.07. \u2013 05.07.2021<\/p>\n<div style=\"text-align: center;\"><a style=\"mso-line-height-rule: exactly; -ms-text-size-adjust: 100%; -webkit-text-size-adjust: 100%; color: #007c89; font-weight: normal; text-decoration: underline;\" href=\"http:\/\/www.weltweit.bike\/oberpfalz\" target=\"_blank\" rel=\"noopener noreferrer\"><strong>HEIMATTOUR 1 &#8211; DIE OBERPFALZ<\/strong><\/a><\/div>\n<p><strong>Und was schreibt Peter, hopfenaffiner Teilnehmer der ersten Tour zur Oberpfalzrunde? <a style=\"mso-line-height-rule: exactly; -ms-text-size-adjust: 100%; -webkit-text-size-adjust: 100%; color: #007c89; font-weight: normal; text-decoration: underline;\" href=\"https:\/\/web.krugerp.de\/heimatkunde-eine-radreise-durch-die-oberpfalz-tag-12\/\" target=\"_blank\" rel=\"noopener noreferrer\">-&gt;<\/a><\/strong><\/td>\n<\/tr>\n<\/tbody>\n<\/table>\n<p><!-- [if mso]><\/td>\n\n\n<![endif]--><\/p>\n<p><!-- [if mso]><\/tr>\n\n\n<\/table>\n\n\n<![endif]--><\/td>\n<\/tr>\n<\/tbody>\n<\/table>\n<table class=\"mcnTextBlock\" style=\"min-width: 100%; border-collapse: collapse; mso-table-lspace: 0pt; mso-table-rspace: 0pt; -ms-text-size-adjust: 100%; -webkit-text-size-adjust: 100%;\" border=\"0\" width=\"100%\" cellspacing=\"0\" cellpadding=\"0\">\n<tbody class=\"mcnTextBlockOuter\">\n<tr>\n<td class=\"mcnTextBlockInner\" style=\"padding-top: 9px; width: 100%;\" valign=\"top\"><!-- [if mso]>\n\n\n<table align=\"left\" border=\"0\" cellspacing=\"0\" cellpadding=\"0\" width=\"100%\" style=\"width:100%;\">\n\n\n<tr>\n\t\t\t\t<![endif]--><!-- [if mso]>\n\n\n<td valign=\"top\" width=\"600\" style=\"width:600px;\">\n\t\t\t\t<![endif]--><\/p>\n<table class=\"mcnTextContentContainer\" style=\"max-width: 100%; min-width: 100%; border-collapse: collapse; mso-table-lspace: 0pt; mso-table-rspace: 0pt; -ms-text-size-adjust: 100%; -webkit-text-size-adjust: 100%;\" border=\"0\" width=\"100%\" cellspacing=\"0\" cellpadding=\"0\" align=\"left\">\n<tbody>\n<tr>\n<td class=\"mcnTextContent\" style=\"word-break: break-word; color: #757575; font-family: Helvetica; font-size: 16px; line-height: 150%; text-align: left; padding: 0px 18px 9px; width: 100%;\" valign=\"top\">\n<p><strong><img loading=\"lazy\" decoding=\"async\" style=\"border-image: none 100% \/ 1 \/ 0 stretch; width: 600px; height: 426px; margin: 0px; border: 0; outline: none; text-decoration: none; -ms-interpolation-mode: bicubic;\" src=\"https:\/\/mcusercontent.com\/9fe305b335a6fb0c25ec29d37\/_compresseds\/f3d08f1a-26b3-4045-a519-153e528a3012.jpg\" width=\"600\" height=\"426\" data-file-id=\"2268158\" \/><\/strong><\/p>\n<p><strong>Oh wie sch\u00f6n ist Niedersachsen!<\/strong><\/p>\n<p>Unsere zweite Heimattour f\u00fchrt in das s\u00fcdliche Niedersachsen, wo Christof Gebhardt seine Jugend erleben durfte. Ausgangs- und Endpunktpunkt der 13-t\u00e4gigen Reise ist die Universit\u00e4tsstadt G\u00f6ttingen. In sieben Etappen entdecken wir die Heimat von Max und Moritz, besichtigen Kl\u00f6ster und Burgen und genie\u00dfen die \u00fcppige Natur zwischen Leine und Weser. Die Strecken sind \u00fcberwiegend recht kurz und mit nur wenigen Steigungen, so dass wir unterwegs viel Zeit haben f\u00fcr Besichtigungen am Wegesrand.<\/p>\n<div style=\"text-align: center;\"><a style=\"mso-line-height-rule: exactly; -ms-text-size-adjust: 100%; -webkit-text-size-adjust: 100%; color: #007c89; font-weight: normal; text-decoration: underline;\" href=\"http:\/\/www.weltweit.bike\/niedersachsen\" target=\"_blank\" rel=\"noopener noreferrer\"><strong>HEIMATTOUR 2 &#8211; S\u00dcDNIEDERSACHSEN<br \/>\n14. &#8211; 26. Mai 2021<\/strong><\/a><\/div>\n<p>&nbsp;<\/td>\n<\/tr>\n<\/tbody>\n<\/table>\n<p><!-- [if mso]><\/td>\n\n\n<![endif]--><\/p>\n<p><!-- [if mso]><\/tr>\n\n\n<\/table>\n\n\n<![endif]--><\/td>\n<\/tr>\n<\/tbody>\n<\/table>\n<table class=\"mcnTextBlock\" style=\"min-width: 100%; border-collapse: collapse; mso-table-lspace: 0pt; mso-table-rspace: 0pt; -ms-text-size-adjust: 100%; -webkit-text-size-adjust: 100%;\" border=\"0\" width=\"100%\" cellspacing=\"0\" cellpadding=\"0\">\n<tbody class=\"mcnTextBlockOuter\">\n<tr>\n<td class=\"mcnTextBlockInner\" style=\"padding-top: 9px; width: 100%;\" valign=\"top\"><!-- [if mso]>\n\n\n<table align=\"left\" border=\"0\" cellspacing=\"0\" cellpadding=\"0\" width=\"100%\" style=\"width:100%;\">\n\n\n<tr>\n\t\t\t\t<![endif]--><!-- [if mso]>\n\n\n<td valign=\"top\" width=\"600\" style=\"width:600px;\">\n\t\t\t\t<![endif]--><\/p>\n<table class=\"mcnTextContentContainer\" style=\"max-width: 100%; min-width: 100%; border-collapse: collapse; mso-table-lspace: 0pt; mso-table-rspace: 0pt; -ms-text-size-adjust: 100%; -webkit-text-size-adjust: 100%;\" border=\"0\" width=\"100%\" cellspacing=\"0\" cellpadding=\"0\" align=\"left\">\n<tbody>\n<tr>\n<td class=\"mcnTextContent\" style=\"word-break: break-word; color: #757575; font-family: Helvetica; font-size: 16px; line-height: 150%; text-align: left; padding: 0px 18px 9px; width: 100%;\" valign=\"top\">\n<p><img loading=\"lazy\" decoding=\"async\" style=\"border: 0px; width: 600px; height: 450px; margin: 0px; outline: none; text-decoration: none; -ms-interpolation-mode: bicubic;\" src=\"https:\/\/mcusercontent.com\/9fe305b335a6fb0c25ec29d37\/images\/c6b963fd-9431-40a3-8d07-856fb7334cfd.jpg\" width=\"600\" height=\"450\" data-file-id=\"2268162\" \/><\/p>\n<p><strong>Durch Bulgariens Berge<\/strong><\/p>\n<p>Nach Oberpfalz und Niedersachsen bieten wir im Rahmen unserer Heimattouren ein ganz besonderes Schmankerl an: Eine Radtour in die faszinierende Bergwelt Bulgariens. Von Sofia aus fahren wir auf verkehrsarmen Nebenstra\u00dfen ins Rila-Gebirge. Nach der Besichtigung des weltber\u00fchmten Rila-Klosters geht es weiter ins malerische Melnik. Auf dem Weg nach Trigrad mit der &#8222;Teufelsschlund&#8220; genannten H\u00f6hle machen wir Station in Kovachevitsa, ein kleines St\u00e4dtchen, in dem die traditionelle bulgarische Architektur noch besonders gut erhalten ist. Zum Abschluss verbringen wir zwei N\u00e4chte in Plovdiv, der europ\u00e4ischen Kulturhauptstadt 2019 mit ihrem historischen Stadtkern, der bis in die R\u00f6merzeit zur\u00fcckgeht.<\/p>\n<p>Warum Bulgarien? Aus Liebe zu einem selten bereisten und dennoch unheimlich sch\u00f6nen und vielf\u00e4ltigen Land. Und die famili\u00e4ren Bande, die unseren Gesch\u00e4ftsf\u00fchrer Volker H\u00e4ring mit Bulgarien verbinden spielen nat\u00fcrlich auch eine Rolle<\/p>\n<div style=\"text-align: center;\"><a style=\"mso-line-height-rule: exactly; -ms-text-size-adjust: 100%; -webkit-text-size-adjust: 100%; color: #007c89; font-weight: normal; text-decoration: underline;\" href=\"http:\/\/www.weltweit.bike\/bulgarien\" target=\"_blank\" rel=\"noopener noreferrer\"><strong>HEIMATTOUR 3 &#8211; BULGARIEN<br \/>\n10. &#8211; 23. Juli 2021<\/strong><\/a>\n<\/div>\n<\/td>\n<\/tr>\n<\/tbody>\n<\/table>\n<p><!-- [if mso]><\/td>\n\n\n<![endif]--><\/p>\n<p><!-- [if mso]><\/tr>\n\n\n<\/table>\n\n\n<![endif]--><\/td>\n<\/tr>\n<\/tbody>\n<\/table>\n<table class=\"mcnTextBlock\" style=\"min-width: 100%; border-collapse: collapse; mso-table-lspace: 0pt; mso-table-rspace: 0pt; -ms-text-size-adjust: 100%; -webkit-text-size-adjust: 100%;\" border=\"0\" width=\"100%\" cellspacing=\"0\" cellpadding=\"0\">\n<tbody class=\"mcnTextBlockOuter\">\n<tr>\n<td class=\"mcnTextBlockInner\" style=\"padding-top: 9px; width: 100%;\" valign=\"top\"><!-- [if mso]>\n\n\n<table align=\"left\" border=\"0\" cellspacing=\"0\" cellpadding=\"0\" width=\"100%\" style=\"width:100%;\">\n\n\n<tr>\n\t\t\t\t<![endif]--><!-- [if mso]>\n\n\n<td valign=\"top\" width=\"600\" style=\"width:600px;\">\n\t\t\t\t<![endif]--><\/p>\n<table class=\"mcnTextContentContainer\" style=\"max-width: 100%; min-width: 100%; border-collapse: collapse; mso-table-lspace: 0pt; mso-table-rspace: 0pt; -ms-text-size-adjust: 100%; -webkit-text-size-adjust: 100%;\" border=\"0\" width=\"100%\" cellspacing=\"0\" cellpadding=\"0\" align=\"left\">\n<tbody>\n<tr>\n<td class=\"mcnTextContent\" style=\"mso-line-height-rule: exactly; -ms-text-size-adjust: 100%; -webkit-text-size-adjust: 100%; word-break: break-word; color: #757575; font-family: Helvetica; font-size: 16px; line-height: 150%; text-align: left; padding: 0 18px 9px 18px;\" valign=\"top\">\n<p><em>Bleibt gesund! Den n\u00e4chsten Newsletter gibt es Mitte Oktober 2020.<\/em><\/p>\n<p><strong>Euer China-By-Bike-Team<\/strong><\/td>\n<\/tr>\n<\/tbody>\n<\/table>\n<p><!-- [if mso]><\/td>\n\n\n<![endif]--><\/p>\n<p><!-- [if mso]><\/tr>\n\n\n<\/table>\n\n\n<![endif]--><\/td>\n<\/tr>\n<\/tbody>\n<\/table>\n<table class=\"mcnDividerBlock\" style=\"min-width: 100%; border-collapse: collapse; mso-table-lspace: 0pt; mso-table-rspace: 0pt; -ms-text-size-adjust: 100%; -webkit-text-size-adjust: 100%; table-layout: fixed !important;\" border=\"0\" width=\"100%\" cellspacing=\"0\" cellpadding=\"0\">\n<tbody class=\"mcnDividerBlockOuter\">\n<tr>\n<td class=\"mcnDividerBlockInner\" style=\"min-width: 100%; padding: 18px; mso-line-height-rule: exactly; -ms-text-size-adjust: 100%; -webkit-text-size-adjust: 100%;\">\n<table class=\"mcnDividerContent\" style=\"min-width: 100%; border-collapse: collapse; mso-table-lspace: 0pt; mso-table-rspace: 0pt; -ms-text-size-adjust: 100%; -webkit-text-size-adjust: 100%;\" border=\"0\" width=\"100%\" cellspacing=\"0\" cellpadding=\"0\">\n<tbody>\n<tr>\n<td style=\"mso-line-height-rule: exactly; -ms-text-size-adjust: 100%; -webkit-text-size-adjust: 100%;\"><\/td>\n<\/tr>\n<\/tbody>\n<\/table>\n<p><!--\n<\/td>\n\n\n\n<td class=\"mcnDividerBlockInner\" style=\"padding: 18px;\">\n\n\n\n\n\n<hr class=\"mcnDividerContent\" style=\"border-bottom-color:none; border-left-color:none; border-right-color:none; border-bottom-width:0; border-left-width:0; border-right-width:0; margin-top:0; margin-right:0; margin-bottom:0; margin-left:0;\" \/>\n\n--><\/td>\n<\/tr>\n<\/tbody>\n<\/table>\n<\/td>\n<\/tr>\n<\/tbody>\n<\/table>\n<p><!-- [if (gte mso 9)|(IE)]><\/td>\n\n\n<\/tr>\n\n\n<\/table>\n\n\n<![endif]--><\/td>\n<\/tr>\n<tr>\n<td id=\"templateFooter\" style=\"background: #333333 none no-repeat scroll center center \/ cover; border-top: 0px none; border-bottom: 0px none; padding-top: 45px; padding-bottom: 63px; width: 100%;\" align=\"center\" valign=\"top\" data-template-container=\"\"><\/td>\n<\/tr>\n<\/tbody>\n<\/table>\n<p><!-- \/\/ END TEMPLATE --><\/td>\n<\/tr>\n<\/tbody>\n<\/table>\n<p>&nbsp;<\/p>\n<p><center><\/center><\/p>\n<table id=\"canspamBarWrapper\" style=\"background-color: #ffffff; border-top: 1px solid #E5E5E5;\" border=\"0\" width=\"100%\" cellspacing=\"0\" cellpadding=\"0\">\n<tbody>\n<tr>\n<td style=\"padding-top: 20px; padding-bottom: 20px;\" align=\"center\" valign=\"top\"><\/td>\n<\/tr>\n<\/tbody>\n<\/table>\n<p>&nbsp;<\/p>\n<p>&nbsp;<\/p>\n","protected":false},"excerpt":{"rendered":"<p>&nbsp; Liebe Radlerinnen und Radler! Asien liegt im Moment nicht nur geograhisch weit entfernt. Leider ist nicht damit zu rechnen, dass Radreisen in Asien dieses Jahr noch m\u00f6glich sein werden. Schweren Herzens sagen wir hiermit alle verbliebenen Asientermine f\u00fcr 2020 ab. Besonders schwer f\u00e4llt uns das bei der Reise Auf den Spuren der Khmer, die sicherlich eine unserer sch\u00f6nsten und abwechslungsreichsten ist. Da aus Laos und Kambodscha jedoch vorsichtig optimistische Signale kommen, gehen wir davon aus, dass S\u00fcdostasien im Fr\u00fchjahr&#8230;<\/p>\n<p class=\"continue-reading-button\"> <a class=\"continue-reading-link\" href=\"https:\/\/china-by-bike.de\/blog\/2020\/09\/newsletter_september\/\">Weiter lesen!<i class=\"crycon-right-dir\"><\/i><\/a><\/p>\n","protected":false},"author":9,"featured_media":43834,"comment_status":"open","ping_status":"open","sticky":false,"template":"","format":"standard","meta":{"ngg_post_thumbnail":0,"footnotes":""},"categories":[1],"tags":[],"jetpack_featured_media_url":"https:\/\/china-by-bike.de\/blog\/wp-content\/uploads\/2020\/09\/IMG_20200822_180208.jpg","_links":{"self":[{"href":"https:\/\/china-by-bike.de\/blog\/wp-json\/wp\/v2\/posts\/43831"}],"collection":[{"href":"https:\/\/china-by-bike.de\/blog\/wp-json\/wp\/v2\/posts"}],"about":[{"href":"https:\/\/china-by-bike.de\/blog\/wp-json\/wp\/v2\/types\/post"}],"author":[{"embeddable":true,"href":"https:\/\/china-by-bike.de\/blog\/wp-json\/wp\/v2\/users\/9"}],"replies":[{"embeddable":true,"href":"https:\/\/china-by-bike.de\/blog\/wp-json\/wp\/v2\/comments?post=43831"}],"version-history":[{"count":3,"href":"https:\/\/china-by-bike.de\/blog\/wp-json\/wp\/v2\/posts\/43831\/revisions"}],"predecessor-version":[{"id":43835,"href":"https:\/\/china-by-bike.de\/blog\/wp-json\/wp\/v2\/posts\/43831\/revisions\/43835"}],"wp:featuredmedia":[{"embeddable":true,"href":"https:\/\/china-by-bike.de\/blog\/wp-json\/wp\/v2\/media\/43834"}],"wp:attachment":[{"href":"https:\/\/china-by-bike.de\/blog\/wp-json\/wp\/v2\/media?parent=43831"}],"wp:term":[{"taxonomy":"category","embeddable":true,"href":"https:\/\/china-by-bike.de\/blog\/wp-json\/wp\/v2\/categories?post=43831"},{"taxonomy":"post_tag","embeddable":true,"href":"https:\/\/china-by-bike.de\/blog\/wp-json\/wp\/v2\/tags?post=43831"}],"curies":[{"name":"wp","href":"https:\/\/api.w.org\/{rel}","templated":true}]}}