{"id":43839,"date":"2020-11-25T14:54:52","date_gmt":"2020-11-25T12:54:52","guid":{"rendered":"https:\/\/china-by-bike.de\/blog\/?p=43839"},"modified":"2020-11-25T14:58:10","modified_gmt":"2020-11-25T12:58:10","slug":"newsletter-november-2020","status":"publish","type":"post","link":"https:\/\/china-by-bike.de\/blog\/2020\/11\/newsletter-november-2020\/","title":{"rendered":"China-By-Bike-Newsletter November 2020"},"content":{"rendered":"<p>&nbsp;<\/p>\n<table id=\"bodyTable\" style=\"border-collapse: collapse; mso-table-lspace: 0pt; mso-table-rspace: 0pt; -ms-text-size-adjust: 100%; -webkit-text-size-adjust: 100%; height: 100%; margin: 0; padding: 0; width: 100%;\" border=\"0\" width=\"100%\" cellspacing=\"0\" cellpadding=\"0\" align=\"center\">\n<tbody>\n<tr>\n<td id=\"bodyCell\" style=\"mso-line-height-rule: exactly; -ms-text-size-adjust: 100%; -webkit-text-size-adjust: 100%; height: 100%; margin: 0; padding: 0; width: 100%;\" align=\"center\" valign=\"top\"><!-- BEGIN TEMPLATE \/\/ --><\/p>\n<table style=\"border-collapse: collapse; mso-table-lspace: 0pt; mso-table-rspace: 0pt; -ms-text-size-adjust: 100%; -webkit-text-size-adjust: 100%;\" border=\"0\" width=\"100%\" cellspacing=\"0\" cellpadding=\"0\">\n<tbody>\n<tr>\n<td id=\"templateHeader\" style=\"background: #ffffff none no-repeat scroll center center \/ cover; border-top: 0px none; border-bottom: 0px none; padding-top: 45px; padding-bottom: 45px; width: 100%;\" align=\"center\" valign=\"top\" data-template-container=\"\"><!-- [if (gte mso 9)|(IE)]>\n\n\n<table align=\"center\" border=\"0\" cellspacing=\"0\" cellpadding=\"0\" width=\"600\" style=\"width:600px;\">\n\n\n<tr>\n\n\n<td align=\"center\" valign=\"top\" width=\"600\" style=\"width:600px;\">\n                                    <![endif]--><\/p>\n<table class=\"templateContainer\" style=\"border-collapse: collapse; mso-table-lspace: 0pt; mso-table-rspace: 0pt; -ms-text-size-adjust: 100%; -webkit-text-size-adjust: 100%; max-width: 600px !important;\" border=\"0\" width=\"100%\" cellspacing=\"0\" cellpadding=\"0\" align=\"center\">\n<tbody>\n<tr>\n<td class=\"headerContainer\" style=\"background: transparent none no-repeat scroll center center \/ cover; border-top: 0px none; border-bottom: 0px none; padding-top: 0px; padding-bottom: 0px; width: 100%;\" valign=\"top\">\n<table class=\"mcnImageBlock\" style=\"min-width: 100%; border-collapse: collapse; mso-table-lspace: 0pt; mso-table-rspace: 0pt; -ms-text-size-adjust: 100%; -webkit-text-size-adjust: 100%;\" border=\"0\" width=\"100%\" cellspacing=\"0\" cellpadding=\"0\">\n<tbody class=\"mcnImageBlockOuter\">\n<tr>\n<td class=\"mcnImageBlockInner\" style=\"padding: 9px; mso-line-height-rule: exactly; -ms-text-size-adjust: 100%; -webkit-text-size-adjust: 100%;\" valign=\"top\">\n<table class=\"mcnImageContentContainer\" style=\"min-width: 100%; border-collapse: collapse; mso-table-lspace: 0pt; mso-table-rspace: 0pt; -ms-text-size-adjust: 100%; -webkit-text-size-adjust: 100%;\" border=\"0\" width=\"100%\" cellspacing=\"0\" cellpadding=\"0\" align=\"left\">\n<tbody>\n<tr>\n<td class=\"mcnImageContent\" style=\"text-align: center; mso-line-height-rule: exactly; -ms-text-size-adjust: 100%; -webkit-text-size-adjust: 100%; padding: 0 9px 0 9px;\" valign=\"top\"><img decoding=\"async\" class=\"mcnImage\" style=\"max-width: 600px; padding-bottom: 0; display: inline !important; vertical-align: bottom; border: 0; height: auto; outline: none; text-decoration: none; -ms-interpolation-mode: bicubic;\" src=\"https:\/\/mcusercontent.com\/9fe305b335a6fb0c25ec29d37\/images\/2ef3aefe-8e73-478f-b18d-8efbde4880a4.jpg\" alt=\"\" width=\"564\" align=\"middle\" \/><\/td>\n<\/tr>\n<\/tbody>\n<\/table>\n<\/td>\n<\/tr>\n<\/tbody>\n<\/table>\n<table class=\"mcnTextBlock\" style=\"min-width: 100%; border-collapse: collapse; mso-table-lspace: 0pt; mso-table-rspace: 0pt; -ms-text-size-adjust: 100%; -webkit-text-size-adjust: 100%;\" border=\"0\" width=\"100%\" cellspacing=\"0\" cellpadding=\"0\">\n<tbody class=\"mcnTextBlockOuter\">\n<tr>\n<td class=\"mcnTextBlockInner\" style=\"padding-top: 9px; mso-line-height-rule: exactly; -ms-text-size-adjust: 100%; -webkit-text-size-adjust: 100%;\" valign=\"top\"><!-- [if mso]>\n\n\n<table align=\"left\" border=\"0\" cellspacing=\"0\" cellpadding=\"0\" width=\"100%\" style=\"width:100%;\">\n\n\n<tr>\n\t\t\t\t<![endif]--><!-- [if mso]>\n\n\n<td valign=\"top\" width=\"600\" style=\"width:600px;\">\n\t\t\t\t<![endif]--><\/p>\n<table class=\"mcnTextContentContainer\" style=\"max-width: 100%; min-width: 100%; border-collapse: collapse; mso-table-lspace: 0pt; mso-table-rspace: 0pt; -ms-text-size-adjust: 100%; -webkit-text-size-adjust: 100%;\" border=\"0\" width=\"100%\" cellspacing=\"0\" cellpadding=\"0\" align=\"left\">\n<tbody>\n<tr>\n<td class=\"mcnTextContent\" style=\"mso-line-height-rule: exactly; -ms-text-size-adjust: 100%; -webkit-text-size-adjust: 100%; word-break: break-word; color: #757575; font-family: Helvetica; font-size: 16px; line-height: 150%; text-align: left; padding: 0 18px 9px 18px;\" valign=\"top\">\n<h1 style=\"display: block; margin: 0; padding: 0; color: #222222; font-family: Helvetica; font-size: 40px; font-style: normal; font-weight: bold; line-height: 150%; letter-spacing: normal; text-align: center;\">Newsletter November 2020<\/h1>\n<\/td>\n<\/tr>\n<\/tbody>\n<\/table>\n<p><!-- [if mso]><\/td>\n\n\n<![endif]--><\/p>\n<p><!-- [if mso]><\/tr>\n\n\n<\/table>\n\n\n<![endif]--><\/td>\n<\/tr>\n<\/tbody>\n<\/table>\n<table class=\"mcnTextBlock\" style=\"min-width: 100%; border-collapse: collapse; mso-table-lspace: 0pt; mso-table-rspace: 0pt; -ms-text-size-adjust: 100%; -webkit-text-size-adjust: 100%;\" border=\"0\" width=\"100%\" cellspacing=\"0\" cellpadding=\"0\">\n<tbody class=\"mcnTextBlockOuter\">\n<tr>\n<td class=\"mcnTextBlockInner\" style=\"padding-top: 9px; mso-line-height-rule: exactly; -ms-text-size-adjust: 100%; -webkit-text-size-adjust: 100%;\" valign=\"top\"><!-- [if mso]>\n\n\n<table align=\"left\" border=\"0\" cellspacing=\"0\" cellpadding=\"0\" width=\"100%\" style=\"width:100%;\">\n\n\n<tr>\n\t\t\t\t<![endif]--><!-- [if mso]>\n\n\n<td valign=\"top\" width=\"600\" style=\"width:600px;\">\n\t\t\t\t<![endif]--><\/p>\n<table class=\"mcnTextContentContainer\" style=\"max-width: 100%; min-width: 100%; border-collapse: collapse; mso-table-lspace: 0pt; mso-table-rspace: 0pt; -ms-text-size-adjust: 100%; -webkit-text-size-adjust: 100%;\" border=\"0\" width=\"100%\" cellspacing=\"0\" cellpadding=\"0\" align=\"left\">\n<tbody>\n<tr>\n<td class=\"mcnTextContent\" style=\"mso-line-height-rule: exactly; -ms-text-size-adjust: 100%; -webkit-text-size-adjust: 100%; word-break: break-word; color: #757575; font-family: Helvetica; font-size: 16px; line-height: 150%; text-align: left; padding: 0 18px 9px 18px;\" valign=\"top\">\n<p>Liebe Radlerinnen und Radler!<\/p>\n<p>Normalerweise w\u00fcrden wir an dieser Stelle unser neues Tourenprogramm ank\u00fcndigen. Aber normal ist in diesem Jahr ja nichts. Wir haben uns aus naheliegenden Gr\u00fcnden f\u00fcr 2021 gegen einen Druckkatalog entschieden. Kurz vor Weihnachten werden wir uns aber mit einem kleinen aber feinen PDF bei euch melden und unser Programm f\u00fcr 2021 vorstellen.<\/p>\n<p>Das neue Jahr ist touristisch nat\u00fcrlich eine Wundert\u00fcte. Ob Asienreisen in der ersten Jahresh\u00e4lfte 2021 m\u00f6glich sein werden, wagen wir nicht vorauszusagen. F\u00fcr den Herbst rechnen wir allerdings damit, dass zumindest unsere S\u00fcdostasientouren wieder durchgef\u00fchrt werden k\u00f6nnen. Damit bis dahin die Zeit und die Reisesehnsucht nicht zu gro\u00df wird, bieten wir f\u00fcr das Fr\u00fchjahr und den Sommer Radreisen in Deutschland und Europa an.<\/p>\n<p>Ab dem 25. M\u00e4rz geht hoffentlich unsere Radweltreise mit einj\u00e4hriger Versp\u00e4tung auf die Schlussetappe von Lissabon nach Berlin. <a style=\"mso-line-height-rule: exactly; -ms-text-size-adjust: 100%; -webkit-text-size-adjust: 100%; color: #007c89; font-weight: normal; text-decoration: underline;\" href=\"http:\/\/around-the-world.bike\/reiseverlauf\/der-schoene-weg-nach-hause-lissabon-berlin\" target=\"_blank\" rel=\"noopener noreferrer\"><strong>Der sch\u00f6ne Weg nach Hause <\/strong><\/a>ist weiterhin &#8211; so Corona es zul\u00e4sst &#8211; gesichert und es sind, vor allem f\u00fcr den Frankreichteil, nur noch wenige Pl\u00e4tze frei. Ab Mai f\u00fchren wir euch dann wieder auf unseren &#8222;Heimattouren&#8220; durch die <a style=\"mso-line-height-rule: exactly; -ms-text-size-adjust: 100%; -webkit-text-size-adjust: 100%; color: #007c89; font-weight: normal; text-decoration: underline;\" href=\"http:\/\/www.weltweit.bike\/oberpfalz\" target=\"_blank\" rel=\"noopener noreferrer\"><strong>Oberpfalz<\/strong><\/a> nach <a style=\"mso-line-height-rule: exactly; -ms-text-size-adjust: 100%; -webkit-text-size-adjust: 100%; color: #007c89; font-weight: normal; text-decoration: underline;\" href=\"http:\/\/www.weltweit.bike\/niedersachsen\" target=\"_blank\" rel=\"noopener noreferrer\"><strong>Niedersachsen <\/strong><\/a>und auf den <a style=\"mso-line-height-rule: exactly; -ms-text-size-adjust: 100%; -webkit-text-size-adjust: 100%; color: #007c89; font-weight: normal; text-decoration: underline;\" href=\"http:\/\/www.weltweit.bike\/bulgarien\" target=\"_blank\" rel=\"noopener noreferrer\"><strong>Balkan<\/strong><\/a>. F\u00fcr die zweite Juniwoche, direkt nach Ankunft der Radweltreise in Berlin, haben wir eine viert\u00e4gige Hauptstadttour geplant, die vor allem dem Berliner Mauerweg folgen wird. Mehr dazu Anfang 2021.<\/p>\n<p>Falls ihr 2021 mit uns reisen m\u00f6chtet: Unsere <a style=\"mso-line-height-rule: exactly; -ms-text-size-adjust: 100%; -webkit-text-size-adjust: 100%; color: #007c89; font-weight: normal; text-decoration: underline;\" href=\"https:\/\/china-by-bike.de\/tourenkalender\/\" target=\"_blank\" rel=\"noopener noreferrer\"><strong>Termine 2021<\/strong><\/a> sind bereits online. F\u00fcr Anmeldungen bis einschlie\u00dflich 31.12.2020 gibt es einen besonderen Fr\u00fchbucherrabatt: Es ist bis vier Wochen vor Reisebeginn keine Anzahlung f\u00e4llig, bis dahin kann die Reise auch ohne Kosten storniert werden. Im Newsletter findet ihr ein paar Anregungen f\u00fcr eure Reiseplanungen.<\/p>\n<p>Wir freuen uns auf eure R\u00fcckmeldung und w\u00fcnschen euch eine sch\u00f6ne, wenn auch ein wenig andere Adventszeit. Am Ende des Newsletters gibt es noch ein Tipp f\u00fcr Weihnachten!<\/td>\n<\/tr>\n<\/tbody>\n<\/table>\n<p><!-- [if mso]><\/td>\n\n\n<![endif]--><\/p>\n<p><!-- [if mso]><\/tr>\n\n\n<\/table>\n\n\n<![endif]--><\/td>\n<\/tr>\n<\/tbody>\n<\/table>\n<table class=\"mcnTextBlock\" style=\"min-width: 100%; border-collapse: collapse; mso-table-lspace: 0pt; mso-table-rspace: 0pt; -ms-text-size-adjust: 100%; -webkit-text-size-adjust: 100%;\" border=\"0\" width=\"100%\" cellspacing=\"0\" cellpadding=\"0\">\n<tbody class=\"mcnTextBlockOuter\">\n<tr>\n<td class=\"mcnTextBlockInner\" style=\"padding-top: 9px; mso-line-height-rule: exactly; -ms-text-size-adjust: 100%; -webkit-text-size-adjust: 100%;\" valign=\"top\"><!-- [if mso]>\n\n\n<table align=\"left\" border=\"0\" cellspacing=\"0\" cellpadding=\"0\" width=\"100%\" style=\"width:100%;\">\n\n\n<tr>\n\t\t\t\t<![endif]--><!-- [if mso]>\n\n\n<td valign=\"top\" width=\"600\" style=\"width:600px;\">\n\t\t\t\t<![endif]--><\/p>\n<table class=\"mcnTextContentContainer\" style=\"max-width: 100%; min-width: 100%; border-collapse: collapse; mso-table-lspace: 0pt; mso-table-rspace: 0pt; -ms-text-size-adjust: 100%; -webkit-text-size-adjust: 100%;\" border=\"0\" width=\"100%\" cellspacing=\"0\" cellpadding=\"0\" align=\"left\">\n<tbody>\n<tr>\n<td class=\"mcnTextContent\" style=\"mso-line-height-rule: exactly; -ms-text-size-adjust: 100%; -webkit-text-size-adjust: 100%; word-break: break-word; color: #757575; font-family: Helvetica; font-size: 16px; line-height: 150%; text-align: left; padding: 0 18px 9px 18px;\" valign=\"top\">\n<div style=\"text-align: center;\"><span style=\"font-size: 20px;\"><span style=\"font-family: arial,helvetica neue,helvetica,sans-serif;\"><strong>Der Sch\u00f6ne Weg nach Hause &#8211; Radtour von Lissabon nach Berlin<\/strong><\/span><\/span><\/div>\n<\/td>\n<\/tr>\n<\/tbody>\n<\/table>\n<p><!-- [if mso]><\/td>\n\n\n<![endif]--><\/p>\n<p><!-- [if mso]><\/tr>\n\n\n<\/table>\n\n\n<![endif]--><\/td>\n<\/tr>\n<\/tbody>\n<\/table>\n<table class=\"mcnTextBlock\" style=\"min-width: 100%; border-collapse: collapse; mso-table-lspace: 0pt; mso-table-rspace: 0pt; -ms-text-size-adjust: 100%; -webkit-text-size-adjust: 100%;\" border=\"0\" width=\"100%\" cellspacing=\"0\" cellpadding=\"0\">\n<tbody class=\"mcnTextBlockOuter\">\n<tr>\n<td class=\"mcnTextBlockInner\" style=\"padding-top: 9px; width: 100%;\" valign=\"top\"><!-- [if mso]>\n\n\n<table align=\"left\" border=\"0\" cellspacing=\"0\" cellpadding=\"0\" width=\"100%\" style=\"width:100%;\">\n\n\n<tr>\n\t\t\t\t<![endif]--><!-- [if mso]>\n\n\n<td valign=\"top\" width=\"600\" style=\"width:600px;\">\n\t\t\t\t<![endif]--><\/p>\n<table class=\"mcnTextContentContainer\" style=\"max-width: 100%; min-width: 100%; border-collapse: collapse; mso-table-lspace: 0pt; mso-table-rspace: 0pt; -ms-text-size-adjust: 100%; -webkit-text-size-adjust: 100%;\" border=\"0\" width=\"100%\" cellspacing=\"0\" cellpadding=\"0\" align=\"left\">\n<tbody>\n<tr>\n<td class=\"mcnTextContent\" style=\"padding: 0px 18px 9px; text-align: center; word-break: break-word; color: #757575; font-family: Helvetica; font-size: 16px; line-height: 150%; width: 100%;\" valign=\"top\"><img loading=\"lazy\" decoding=\"async\" style=\"border: 0px none; width: 300px; height: 300px; margin: 0px; outline: none; text-decoration: none; -ms-interpolation-mode: bicubic;\" src=\"https:\/\/mcusercontent.com\/9fe305b335a6fb0c25ec29d37\/images\/d89f3915-1291-407c-a112-a109a189112c.jpg\" width=\"300\" height=\"300\" data-file-id=\"1720837\" \/><\/p>\n<div style=\"text-align: left;\">Von Lissabon nach Berlin geht unsere fast 4.500 Kilometer lange Reise durch Portugal, Spanien, Frankreich, Belgien, Holland und Deutschland. Wir folgen dem Jakobsweg, schnuppern Seeluft am Atlantik und radeln durch das malerische Loire-Tal. Entdecken das Fahrradwunderland Holland und folgen dem europ\u00e4ischen Fernradweg R1 bis zum Brandenburger Tor.<\/div>\n<p><a style=\"mso-line-height-rule: exactly; -ms-text-size-adjust: 100%; -webkit-text-size-adjust: 100%; color: #007c89; font-weight: normal; text-decoration: underline;\" href=\"http:\/\/around-the-world.bike\/reiseverlauf\/der-schoene-weg-nach-hause-lissabon-berlin\" target=\"_blank\" rel=\"noopener noreferrer\">Mehr erfahren -&gt;<\/a><\/td>\n<\/tr>\n<\/tbody>\n<\/table>\n<p><!-- [if mso]><\/td>\n\n\n<![endif]--><\/p>\n<p><!-- [if mso]><\/tr>\n\n\n<\/table>\n\n\n<![endif]--><\/td>\n<\/tr>\n<\/tbody>\n<\/table>\n<table class=\"mcnTextBlock\" style=\"min-width: 100%; border-collapse: collapse; mso-table-lspace: 0pt; mso-table-rspace: 0pt; -ms-text-size-adjust: 100%; -webkit-text-size-adjust: 100%;\" border=\"0\" width=\"100%\" cellspacing=\"0\" cellpadding=\"0\">\n<tbody class=\"mcnTextBlockOuter\">\n<tr>\n<td class=\"mcnTextBlockInner\" style=\"padding-top: 9px; mso-line-height-rule: exactly; -ms-text-size-adjust: 100%; -webkit-text-size-adjust: 100%;\" valign=\"top\"><!-- [if mso]>\n\n\n<table align=\"left\" border=\"0\" cellspacing=\"0\" cellpadding=\"0\" width=\"100%\" style=\"width:100%;\">\n\n\n<tr>\n\t\t\t\t<![endif]--><!-- [if mso]>\n\n\n<td valign=\"top\" width=\"600\" style=\"width:600px;\">\n\t\t\t\t<![endif]--><\/p>\n<table class=\"mcnTextContentContainer\" style=\"max-width: 100%; min-width: 100%; border-collapse: collapse; mso-table-lspace: 0pt; mso-table-rspace: 0pt; -ms-text-size-adjust: 100%; -webkit-text-size-adjust: 100%;\" border=\"0\" width=\"100%\" cellspacing=\"0\" cellpadding=\"0\" align=\"left\">\n<tbody>\n<tr>\n<td class=\"mcnTextContent\" style=\"mso-line-height-rule: exactly; -ms-text-size-adjust: 100%; -webkit-text-size-adjust: 100%; word-break: break-word; color: #757575; font-family: Helvetica; font-size: 16px; line-height: 150%; text-align: left; padding: 0 18px 9px 18px;\" valign=\"top\">\n<div style=\"text-align: center;\"><span style=\"font-size: 20px;\"><span style=\"font-family: arial,helvetica neue,helvetica,sans-serif;\"><strong>Alle Wege f\u00fchren nach Santiago &#8211; Radtour von Lissabon nach Santiago de Compostella<\/strong><\/span><\/span><\/div>\n<\/td>\n<\/tr>\n<\/tbody>\n<\/table>\n<p><!-- [if mso]><\/td>\n\n\n<![endif]--><\/p>\n<p><!-- [if mso]><\/tr>\n\n\n<\/table>\n\n\n<![endif]--><\/td>\n<\/tr>\n<\/tbody>\n<\/table>\n<table class=\"mcnTextBlock\" style=\"min-width: 100%; border-collapse: collapse; mso-table-lspace: 0pt; mso-table-rspace: 0pt; -ms-text-size-adjust: 100%; -webkit-text-size-adjust: 100%;\" border=\"0\" width=\"100%\" cellspacing=\"0\" cellpadding=\"0\">\n<tbody class=\"mcnTextBlockOuter\">\n<tr>\n<td class=\"mcnTextBlockInner\" style=\"padding-top: 9px; width: 100%;\" valign=\"top\"><!-- [if mso]>\n\n\n<table align=\"left\" border=\"0\" cellspacing=\"0\" cellpadding=\"0\" width=\"100%\" style=\"width:100%;\">\n\n\n<tr>\n\t\t\t\t<![endif]--><!-- [if mso]>\n\n\n<td valign=\"top\" width=\"600\" style=\"width:600px;\">\n\t\t\t\t<![endif]--><\/p>\n<table class=\"mcnTextContentContainer\" style=\"max-width: 100%; min-width: 100%; border-collapse: collapse; mso-table-lspace: 0pt; mso-table-rspace: 0pt; -ms-text-size-adjust: 100%; -webkit-text-size-adjust: 100%;\" border=\"0\" width=\"100%\" cellspacing=\"0\" cellpadding=\"0\" align=\"left\">\n<tbody>\n<tr>\n<td class=\"mcnTextContent\" style=\"mso-line-height-rule: exactly; -ms-text-size-adjust: 100%; -webkit-text-size-adjust: 100%; word-break: break-word; color: #757575; font-family: Helvetica; font-size: 16px; line-height: 150%; text-align: left; padding: 0 18px 9px 18px;\" valign=\"top\">\n<p><img loading=\"lazy\" decoding=\"async\" style=\"border-image: none 100% \/ 1 \/ 0 stretch; width: 600px; height: 800px; margin: 0px; border: 0; outline: none; text-decoration: none; -ms-interpolation-mode: bicubic;\" src=\"https:\/\/mcusercontent.com\/9fe305b335a6fb0c25ec29d37\/images\/0047369d-7776-4d81-8114-ae4399909d26.jpg\" width=\"600\" height=\"800\" data-file-id=\"1720857\" \/><\/p>\n<p>Portugal und Spanien entdecken wir auf dem ersten Abschnitt unser paneurop\u00e4ischen Radtour. Von Lissabon f\u00fchrt uns diese recht anspruchsvolle Radtour \u00fcber das romantische Sintra, das mittelalterliche Obidos und Batalha mit seinem eindrucksvollen Kloster nach Coimbra. Von Portugals alter Hauptstadt radeln wir \u00fcber Aveiro, das \u201eVenedig Portugals\u201c nach Porto. Gest\u00e4rkt von dem einen oder anderen Wein geht es weiter, den Camino Portugues folgend nach Santiago de Compostella. Eine wunderbare Radtour, gespickt mit Highlights!<\/p>\n<div style=\"text-align: center;\"><a style=\"mso-line-height-rule: exactly; -ms-text-size-adjust: 100%; -webkit-text-size-adjust: 100%; color: #007c89; font-weight: normal; text-decoration: underline;\" href=\"http:\/\/around-the-world.bike\/blog\/lissabon-santiago\" target=\"_blank\" rel=\"noopener noreferrer\">Mehr erfahren -&gt;<\/a><\/div>\n<\/td>\n<\/tr>\n<\/tbody>\n<\/table>\n<p><!-- [if mso]><\/td>\n\n\n<![endif]--><\/p>\n<p><!-- [if mso]><\/tr>\n\n\n<\/table>\n\n\n<![endif]--><\/td>\n<\/tr>\n<\/tbody>\n<\/table>\n<table class=\"mcnTextBlock\" style=\"min-width: 100%; border-collapse: collapse; mso-table-lspace: 0pt; mso-table-rspace: 0pt; -ms-text-size-adjust: 100%; -webkit-text-size-adjust: 100%;\" border=\"0\" width=\"100%\" cellspacing=\"0\" cellpadding=\"0\">\n<tbody class=\"mcnTextBlockOuter\">\n<tr>\n<td class=\"mcnTextBlockInner\" style=\"padding-top: 9px; width: 100%;\" valign=\"top\"><!-- [if mso]>\n\n\n<table align=\"left\" border=\"0\" cellspacing=\"0\" cellpadding=\"0\" width=\"100%\" style=\"width:100%;\">\n\n\n<tr>\n\t\t\t\t<![endif]--><!-- [if mso]>\n\n\n<td valign=\"top\" width=\"600\" style=\"width:600px;\">\n\t\t\t\t<![endif]--><\/p>\n<table class=\"mcnTextContentContainer\" style=\"max-width: 100%; min-width: 100%; border-collapse: collapse; mso-table-lspace: 0pt; mso-table-rspace: 0pt; -ms-text-size-adjust: 100%; -webkit-text-size-adjust: 100%;\" border=\"0\" width=\"100%\" cellspacing=\"0\" cellpadding=\"0\" align=\"left\">\n<tbody>\n<tr>\n<td class=\"mcnTextContent\" style=\"word-break: break-word; color: #757575; font-family: Helvetica; font-size: 16px; line-height: 150%; text-align: left; padding: 0px 18px 9px; width: 100%;\" valign=\"top\">\n<p><span style=\"font-family: arial,helvetica neue,helvetica,sans-serif;\"><strong><span style=\"font-size: 20px;\">Pilgern auf zwei R\u00e4dern &#8211; Der Jakobsweg mit dem Fahrrad<\/span><\/strong><\/span><\/p>\n<p><img loading=\"lazy\" decoding=\"async\" style=\"border: 0px; width: 600px; height: 450px; margin: 0px; outline: none; text-decoration: none; -ms-interpolation-mode: bicubic;\" src=\"https:\/\/mcusercontent.com\/9fe305b335a6fb0c25ec29d37\/images\/4018e3fe-a22c-404b-b87a-2acc17d3a553.jpg\" width=\"600\" height=\"450\" data-file-id=\"1720873\" \/><\/p>\n<p>Auf unserer Radtour von Santiago nach Bordeaux folgen wir vor allem dem Jakobsweg. Aber nicht nur! Zuerst radeln wir zum \u201eEnde der Welt\u201c, folgen der Atlantikk\u00fcste bis A Coru\u00f1a und pilgern dann den Jakobsweg in umgekehrte Richtung von Lugo nach Pamplona. Zum Abschluss g\u00f6nnen wir uns noch eine frische Meeresbrise und radeln schlie\u00dflich nach Bordeaux. Eine Radtour voller landschaftlicher, kultureller und kulinarischer Highlights.<\/p>\n<div style=\"text-align: center;\"><a style=\"mso-line-height-rule: exactly; -ms-text-size-adjust: 100%; -webkit-text-size-adjust: 100%; color: #007c89; font-weight: normal; text-decoration: underline;\" href=\"http:\/\/around-the-world.bike\/blog\/jakobsweg\" target=\"_blank\" rel=\"noopener noreferrer\">Mehr erfahren -&gt;<\/a><\/div>\n<p>&nbsp;<\/td>\n<\/tr>\n<\/tbody>\n<\/table>\n<p><!-- [if mso]><\/td>\n\n\n<![endif]--><\/p>\n<p><!-- [if mso]><\/tr>\n\n\n<\/table>\n\n\n<![endif]--><\/td>\n<\/tr>\n<\/tbody>\n<\/table>\n<table class=\"mcnTextBlock\" style=\"min-width: 100%; border-collapse: collapse; mso-table-lspace: 0pt; mso-table-rspace: 0pt; -ms-text-size-adjust: 100%; -webkit-text-size-adjust: 100%;\" border=\"0\" width=\"100%\" cellspacing=\"0\" cellpadding=\"0\">\n<tbody class=\"mcnTextBlockOuter\">\n<tr>\n<td class=\"mcnTextBlockInner\" style=\"padding-top: 9px; mso-line-height-rule: exactly; -ms-text-size-adjust: 100%; -webkit-text-size-adjust: 100%;\" valign=\"top\"><!-- [if mso]>\n\n\n<table align=\"left\" border=\"0\" cellspacing=\"0\" cellpadding=\"0\" width=\"100%\" style=\"width:100%;\">\n\n\n<tr>\n\t\t\t\t<![endif]--><!-- [if mso]>\n\n\n<td valign=\"top\" width=\"600\" style=\"width:600px;\">\n\t\t\t\t<![endif]--><\/p>\n<table class=\"mcnTextContentContainer\" style=\"max-width: 100%; min-width: 100%; border-collapse: collapse; mso-table-lspace: 0pt; mso-table-rspace: 0pt; -ms-text-size-adjust: 100%; -webkit-text-size-adjust: 100%;\" border=\"0\" width=\"100%\" cellspacing=\"0\" cellpadding=\"0\" align=\"left\">\n<tbody>\n<tr>\n<td class=\"mcnTextContent\" style=\"mso-line-height-rule: exactly; -ms-text-size-adjust: 100%; -webkit-text-size-adjust: 100%; word-break: break-word; color: #757575; font-family: Helvetica; font-size: 16px; line-height: 150%; text-align: left; padding: 0 18px 9px 18px;\" valign=\"top\">\n<div style=\"text-align: center;\"><strong><span style=\"font-size: 20px;\"><span style=\"font-family: arial,helvetica neue,helvetica,sans-serif;\">Radeln wie Gott in Frankreich &#8211;<br \/>\nRadtour von Bordeaux nach Paris<\/span><\/span><\/strong><\/div>\n<\/td>\n<\/tr>\n<\/tbody>\n<\/table>\n<p><!-- [if mso]><\/td>\n\n\n<![endif]--><\/p>\n<p><!-- [if mso]><\/tr>\n\n\n<\/table>\n\n\n<![endif]--><\/td>\n<\/tr>\n<\/tbody>\n<\/table>\n<table class=\"mcnTextBlock\" style=\"min-width: 100%; border-collapse: collapse; mso-table-lspace: 0pt; mso-table-rspace: 0pt; -ms-text-size-adjust: 100%; -webkit-text-size-adjust: 100%;\" border=\"0\" width=\"100%\" cellspacing=\"0\" cellpadding=\"0\">\n<tbody class=\"mcnTextBlockOuter\">\n<tr>\n<td class=\"mcnTextBlockInner\" style=\"padding-top: 9px; width: 100%;\" valign=\"top\"><!-- [if mso]>\n\n\n<table align=\"left\" border=\"0\" cellspacing=\"0\" cellpadding=\"0\" width=\"100%\" style=\"width:100%;\">\n\n\n<tr>\n\t\t\t\t<![endif]--><!-- [if mso]>\n\n\n<td valign=\"top\" width=\"600\" style=\"width:600px;\">\n\t\t\t\t<![endif]--><\/p>\n<table class=\"mcnTextContentContainer\" style=\"max-width: 100%; min-width: 100%; border-collapse: collapse; mso-table-lspace: 0pt; mso-table-rspace: 0pt; -ms-text-size-adjust: 100%; -webkit-text-size-adjust: 100%;\" border=\"0\" width=\"100%\" cellspacing=\"0\" cellpadding=\"0\" align=\"left\">\n<tbody>\n<tr>\n<td class=\"mcnTextContent\" style=\"word-break: break-word; color: #757575; font-family: Helvetica; font-size: 16px; line-height: 150%; text-align: left; padding: 0px 18px 9px; width: 100%;\" valign=\"top\">\n<h4 class=\"null\" style=\"display: block; margin: 0; padding: 0; color: #949494; font-family: Georgia; font-size: 20px; font-style: italic; font-weight: normal; line-height: 125%; letter-spacing: normal; text-align: left;\"><img loading=\"lazy\" decoding=\"async\" style=\"border-image: none 100% \/ 1 \/ 0 stretch; width: 600px; height: 450px; margin: 0px; border: 0; outline: none; text-decoration: none; -ms-interpolation-mode: bicubic;\" src=\"https:\/\/gallery.mailchimp.com\/9fe305b335a6fb0c25ec29d37\/images\/84bd7ee0-0843-4499-a237-54045f4899e8.jpg\" width=\"600\" height=\"450\" data-file-id=\"1421737\" \/><\/h4>\n<p style=\"margin: 10px 0; padding: 0; mso-line-height-rule: exactly; -ms-text-size-adjust: 100%; -webkit-text-size-adjust: 100%; color: #757575; font-family: Helvetica; font-size: 16px; line-height: 150%; text-align: left;\">Von Bordeaux durch das M\u00e9doc in Richtung Norden. An der Atlantikk\u00fcste entlang bis nach La Rochelle. Den Loireradweg bis nach Orl\u00e9on. Die faszinierende Kathedrale von Chartres. Und zum Abschluss Paris mit dem Fahrrad. Mehr Frankreich in knapp drei Wochen geht kaum!<\/p>\n<p style=\"margin: 10px 0; padding: 0; mso-line-height-rule: exactly; -ms-text-size-adjust: 100%; -webkit-text-size-adjust: 100%; color: #757575; font-family: Helvetica; font-size: 16px; line-height: 150%; text-align: left;\">Eine Tour zum Entdecken und Genie\u00dfen!<\/p>\n<p style=\"text-align: center; margin: 10px 0; padding: 0; mso-line-height-rule: exactly; -ms-text-size-adjust: 100%; -webkit-text-size-adjust: 100%; color: #757575; font-family: Helvetica; font-size: 16px; line-height: 150%;\"><a style=\"mso-line-height-rule: exactly; -ms-text-size-adjust: 100%; -webkit-text-size-adjust: 100%; color: #007c89; font-weight: normal; text-decoration: underline;\" href=\"http:\/\/around-the-world.bike\/blog\/radeln-wie-gott-in-frankreich\" target=\"_blank\" rel=\"noopener noreferrer\">Mehr erfahren -&gt;<\/a><\/p>\n<\/td>\n<\/tr>\n<\/tbody>\n<\/table>\n<p><!-- [if mso]><\/td>\n\n\n<![endif]--><\/p>\n<p><!-- [if mso]><\/tr>\n\n\n<\/table>\n\n\n<![endif]--><\/td>\n<\/tr>\n<\/tbody>\n<\/table>\n<table class=\"mcnTextBlock\" style=\"min-width: 100%; border-collapse: collapse; mso-table-lspace: 0pt; mso-table-rspace: 0pt; -ms-text-size-adjust: 100%; -webkit-text-size-adjust: 100%;\" border=\"0\" width=\"100%\" cellspacing=\"0\" cellpadding=\"0\">\n<tbody class=\"mcnTextBlockOuter\">\n<tr>\n<td class=\"mcnTextBlockInner\" style=\"padding-top: 9px; mso-line-height-rule: exactly; -ms-text-size-adjust: 100%; -webkit-text-size-adjust: 100%;\" valign=\"top\"><!-- [if mso]>\n\n\n<table align=\"left\" border=\"0\" cellspacing=\"0\" cellpadding=\"0\" width=\"100%\" style=\"width:100%;\">\n\n\n<tr>\n\t\t\t\t<![endif]--><!-- [if mso]>\n\n\n<td valign=\"top\" width=\"600\" style=\"width:600px;\">\n\t\t\t\t<![endif]--><\/p>\n<table class=\"mcnTextContentContainer\" style=\"max-width: 100%; min-width: 100%; border-collapse: collapse; mso-table-lspace: 0pt; mso-table-rspace: 0pt; -ms-text-size-adjust: 100%; -webkit-text-size-adjust: 100%;\" border=\"0\" width=\"100%\" cellspacing=\"0\" cellpadding=\"0\" align=\"left\">\n<tbody>\n<tr>\n<td class=\"mcnTextContent\" style=\"mso-line-height-rule: exactly; -ms-text-size-adjust: 100%; -webkit-text-size-adjust: 100%; word-break: break-word; color: #757575; font-family: Helvetica; font-size: 16px; line-height: 150%; text-align: left; padding: 0 18px 9px 18px;\" valign=\"top\">\n<div style=\"text-align: center;\"><strong><span style=\"font-size: 20px;\"><span style=\"font-family: arial,helvetica neue,helvetica,sans-serif;\">16 R\u00e4der ostw\u00e4rts &#8211; Radtour von Paris nach Berlin<\/span><\/span><\/strong><\/div>\n<\/td>\n<\/tr>\n<\/tbody>\n<\/table>\n<p><!-- [if mso]><\/td>\n\n\n<![endif]--><\/p>\n<p><!-- [if mso]><\/tr>\n\n\n<\/table>\n\n\n<![endif]--><\/td>\n<\/tr>\n<\/tbody>\n<\/table>\n<table class=\"mcnTextBlock\" style=\"min-width: 100%; border-collapse: collapse; mso-table-lspace: 0pt; mso-table-rspace: 0pt; -ms-text-size-adjust: 100%; -webkit-text-size-adjust: 100%;\" border=\"0\" width=\"100%\" cellspacing=\"0\" cellpadding=\"0\">\n<tbody class=\"mcnTextBlockOuter\">\n<tr>\n<td class=\"mcnTextBlockInner\" style=\"padding-top: 9px; width: 100%;\" valign=\"top\"><!-- [if mso]>\n\n\n<table align=\"left\" border=\"0\" cellspacing=\"0\" cellpadding=\"0\" width=\"100%\" style=\"width:100%;\">\n\n\n<tr>\n\t\t\t\t<![endif]--><!-- [if mso]>\n\n\n<td valign=\"top\" width=\"600\" style=\"width:600px;\">\n\t\t\t\t<![endif]--><\/p>\n<table class=\"mcnTextContentContainer\" style=\"max-width: 100%; min-width: 100%; border-collapse: collapse; mso-table-lspace: 0pt; mso-table-rspace: 0pt; -ms-text-size-adjust: 100%; -webkit-text-size-adjust: 100%;\" border=\"0\" width=\"100%\" cellspacing=\"0\" cellpadding=\"0\" align=\"left\">\n<tbody>\n<tr>\n<td class=\"mcnTextContent\" style=\"word-break: break-word; color: #757575; font-family: Helvetica; font-size: 16px; line-height: 150%; text-align: left; padding: 0px 18px 9px; width: 100%;\" valign=\"top\">\n<h4 class=\"null\" style=\"display: block; margin: 0; padding: 0; color: #949494; font-family: Georgia; font-size: 20px; font-style: italic; font-weight: normal; line-height: 125%; letter-spacing: normal; text-align: left;\"><img loading=\"lazy\" decoding=\"async\" class=\"\" style=\"border: 0px none; width: 641px; height: 481px; margin: 0px; outline: currentcolor none medium; text-decoration: none;\" src=\"https:\/\/mcusercontent.com\/9fe305b335a6fb0c25ec29d37\/images\/0465fe04-befb-48f1-85fa-ff48be60d65a.jpg\" width=\"600\" height=\"450\" data-file-id=\"1721193\" \/><\/h4>\n<p style=\"margin: 10px 0; padding: 0; mso-line-height-rule: exactly; -ms-text-size-adjust: 100%; -webkit-text-size-adjust: 100%; color: #757575; font-family: Helvetica; font-size: 16px; line-height: 150%; text-align: left;\">Warum in die Ferne schweifen?!<\/p>\n<p style=\"margin: 10px 0; padding: 0; mso-line-height-rule: exactly; -ms-text-size-adjust: 100%; -webkit-text-size-adjust: 100%; color: #757575; font-family: Helvetica; font-size: 16px; line-height: 150%; text-align: left;\">Unser Heimatkontinent ist voller \u00dcberraschungen.<\/p>\n<p style=\"margin: 10px 0; padding: 0; mso-line-height-rule: exactly; -ms-text-size-adjust: 100%; -webkit-text-size-adjust: 100%; color: #757575; font-family: Helvetica; font-size: 16px; line-height: 150%; text-align: left;\">Wir entdecken Paris mit dem Rad, laufen durch die malerischen Altst\u00e4dte Belgiens, Hollands und Deutschlands, genie\u00dfen das Fahrradwunderland Holland und begeben uns durch einen kulinarischen Streifzug durch die K\u00fcchen Mitteleuropas. Eine wahrlich w\u00fcrdige letzte Etappe der Radweltreise. In Berlin schlie\u00dfen wir uns der Fahrradsternfahrt an und radeln stilvoll die Avus in Richtung Funkturm. Das \u201eSchmutzbier\u201c im <a style=\"mso-line-height-rule: exactly; -ms-text-size-adjust: 100%; -webkit-text-size-adjust: 100%; color: #007c89; font-weight: normal; text-decoration: underline;\" href=\"http:\/\/eschenbraeu.de\/\" target=\"_blank\" rel=\"noopener noreferrer\">Eschenbr\u00e4u<\/a> haben wir uns verdient!<\/p>\n<p style=\"text-align: center; margin: 10px 0; padding: 0; mso-line-height-rule: exactly; -ms-text-size-adjust: 100%; -webkit-text-size-adjust: 100%; color: #757575; font-family: Helvetica; font-size: 16px; line-height: 150%;\"><a style=\"mso-line-height-rule: exactly; -ms-text-size-adjust: 100%; -webkit-text-size-adjust: 100%; color: #007c89; font-weight: normal; text-decoration: underline;\" href=\"http:\/\/around-the-world.bike\/blog\/paris-berlin\" target=\"_blank\" rel=\"noopener noreferrer\">Mehr erfahren -&gt;<\/a><\/p>\n<\/td>\n<\/tr>\n<\/tbody>\n<\/table>\n<p><!-- [if mso]><\/td>\n\n\n<![endif]--><\/p>\n<p><!-- [if mso]><\/tr>\n\n\n<\/table>\n\n\n<![endif]--><\/td>\n<\/tr>\n<\/tbody>\n<\/table>\n<\/td>\n<\/tr>\n<\/tbody>\n<\/table>\n<p><!-- [if (gte mso 9)|(IE)]><\/td>\n\n\n<\/tr>\n\n\n<\/table>\n\n\n<![endif]--><\/td>\n<\/tr>\n<tr>\n<td id=\"templateBody\" style=\"background: #ffffff none no-repeat scroll center center \/ cover; border-top: 0px none; border-bottom: 0px none; padding-top: 36px; padding-bottom: 45px; width: 100%;\" align=\"center\" valign=\"top\" data-template-container=\"\"><!-- [if (gte mso 9)|(IE)]>\n\n\n<table align=\"center\" border=\"0\" cellspacing=\"0\" cellpadding=\"0\" width=\"600\" style=\"width:600px;\">\n\n\n<tr>\n\n\n<td align=\"center\" valign=\"top\" width=\"600\" style=\"width:600px;\">\n                                    <![endif]--><\/p>\n<table class=\"templateContainer\" style=\"border-collapse: collapse; mso-table-lspace: 0pt; mso-table-rspace: 0pt; -ms-text-size-adjust: 100%; -webkit-text-size-adjust: 100%; max-width: 600px !important;\" border=\"0\" width=\"100%\" cellspacing=\"0\" cellpadding=\"0\" align=\"center\">\n<tbody>\n<tr>\n<td class=\"bodyContainer\" style=\"background: transparent none no-repeat center\/cover; mso-line-height-rule: exactly; -ms-text-size-adjust: 100%; -webkit-text-size-adjust: 100%; background-color: transparent; background-image: none; background-repeat: no-repeat; background-position: center; background-size: cover; border-top: 0; border-bottom: 0; padding-top: 0; padding-bottom: 0;\" valign=\"top\">\n<table class=\"mcnTextBlock\" style=\"min-width: 100%; border-collapse: collapse; mso-table-lspace: 0pt; mso-table-rspace: 0pt; -ms-text-size-adjust: 100%; -webkit-text-size-adjust: 100%;\" border=\"0\" width=\"100%\" cellspacing=\"0\" cellpadding=\"0\">\n<tbody class=\"mcnTextBlockOuter\">\n<tr>\n<td class=\"mcnTextBlockInner\" style=\"padding-top: 9px; width: 100%;\" valign=\"top\"><!-- [if mso]>\n\n\n<table align=\"left\" border=\"0\" cellspacing=\"0\" cellpadding=\"0\" width=\"100%\" style=\"width:100%;\">\n\n\n<tr>\n\t\t\t\t<![endif]--><!-- [if mso]>\n\n\n<td valign=\"top\" width=\"600\" style=\"width:600px;\">\n\t\t\t\t<![endif]--><\/p>\n<table class=\"mcnTextContentContainer\" style=\"max-width: 100%; min-width: 100%; border-collapse: collapse; mso-table-lspace: 0pt; mso-table-rspace: 0pt; -ms-text-size-adjust: 100%; -webkit-text-size-adjust: 100%;\" border=\"0\" width=\"100%\" cellspacing=\"0\" cellpadding=\"0\" align=\"left\">\n<tbody>\n<tr>\n<td class=\"mcnTextContent\" style=\"word-break: break-word; color: #757575; font-family: Helvetica; font-size: 16px; line-height: 150%; text-align: left; padding: 0px 18px 9px; width: 100%;\" valign=\"top\">\n<p><strong><img loading=\"lazy\" decoding=\"async\" style=\"border: 0px; width: 550px; height: 412px; margin: 0px; outline: none; text-decoration: none; -ms-interpolation-mode: bicubic;\" src=\"https:\/\/mcusercontent.com\/9fe305b335a6fb0c25ec29d37\/_compresseds\/b15ce65c-5226-40b1-8269-504a386a4415.jpg\" width=\"550\" height=\"412\" data-file-id=\"2249430\" \/><\/strong><\/p>\n<p>Auf den Spuren der Khmer<\/p>\n<p>Eine unserer sch\u00f6nsten und abwechslungsreichsten Touren und dabei nicht zu anspruchsvoll (aber auch nicht ohne die eine oder andere Herausforderung!).<br \/>\nVon S\u00fcd-Laos folgen wir den Spuren der historischen Khmer-Kultur Richtung Kambodscha. Unterwegs machen wir einen Abstecher auf das malerische Bolaven-Plateau mit seinen Wasserf\u00e4llen und Kaffeeplantagen und radeln an mehreren Tagen den Mekong entlang.<\/p>\n<p>So Reisen nach S\u00fcdostasien im Herbst 2021 wieder m\u00f6glich sind, ist die Durchf\u00fchrung bereits gesichert, da wir bereits ausreichend Anmeldungen haben. Der Herbsttermin ist vom 29.10. &#8211; 18.11.2021.<\/p>\n<p><strong><a style=\"mso-line-height-rule: exactly; -ms-text-size-adjust: 100%; -webkit-text-size-adjust: 100%; color: #007c89; font-weight: normal; text-decoration: underline;\" href=\"http:\/\/www.china-by-bike.de\/kam\" target=\"_blank\" rel=\"noopener noreferrer\">AUF DEN SPUREN DER KHMER<\/a><\/strong><\/td>\n<\/tr>\n<\/tbody>\n<\/table>\n<p><!-- [if mso]><\/td>\n\n\n<![endif]--><\/p>\n<p><!-- [if mso]><\/tr>\n\n\n<\/table>\n\n\n<![endif]--><\/td>\n<\/tr>\n<\/tbody>\n<\/table>\n<table class=\"mcnTextBlock\" style=\"min-width: 100%; border-collapse: collapse; mso-table-lspace: 0pt; mso-table-rspace: 0pt; -ms-text-size-adjust: 100%; -webkit-text-size-adjust: 100%;\" border=\"0\" width=\"100%\" cellspacing=\"0\" cellpadding=\"0\">\n<tbody class=\"mcnTextBlockOuter\">\n<tr>\n<td class=\"mcnTextBlockInner\" style=\"padding-top: 9px; width: 100%;\" valign=\"top\"><!-- [if mso]>\n\n\n<table align=\"left\" border=\"0\" cellspacing=\"0\" cellpadding=\"0\" width=\"100%\" style=\"width:100%;\">\n\n\n<tr>\n\t\t\t\t<![endif]--><!-- [if mso]>\n\n\n<td valign=\"top\" width=\"600\" style=\"width:600px;\">\n\t\t\t\t<![endif]--><\/p>\n<table class=\"mcnTextContentContainer\" style=\"max-width: 100%; min-width: 100%; border-collapse: collapse; mso-table-lspace: 0pt; mso-table-rspace: 0pt; -ms-text-size-adjust: 100%; -webkit-text-size-adjust: 100%;\" border=\"0\" width=\"100%\" cellspacing=\"0\" cellpadding=\"0\" align=\"left\">\n<tbody>\n<tr>\n<td class=\"mcnTextContent\" style=\"word-break: break-word; color: #757575; font-family: Helvetica; font-size: 16px; line-height: 150%; text-align: left; padding: 0px 18px 9px; width: 100%;\" valign=\"top\">\n<p><strong><img loading=\"lazy\" decoding=\"async\" style=\"border-image: none 100% \/ 1 \/ 0 stretch; width: 600px; height: 450px; margin: 0px; border: 0; outline: none; text-decoration: none; -ms-interpolation-mode: bicubic;\" src=\"https:\/\/mcusercontent.com\/9fe305b335a6fb0c25ec29d37\/_compresseds\/d7f19e7b-4b8c-4834-9701-4bb086372aa0.jpg\" width=\"600\" height=\"450\" data-file-id=\"2278821\" \/><\/strong><\/p>\n<p>Oh wie sch\u00f6n ist unsere Heimat!<br \/>\nRadtour in der Oberpfalz<br \/>\nDie erste Heimattour f\u00fchrte August 2020 Volker H\u00e4ring mit einer 12-t\u00e4gigen Schleife durch die n\u00f6rdliche Oberpfalz, die mit einem Abstecher nach Franken in seiner Geburtsstadt N\u00fcrnberg endete. Aufgrund der begeisterten Reaktion der Teilnehmer des ersten Termins bieten wir diese Tour nun noch einmal im Juli 2021 an.<\/p>\n<p>Es ist ein Raderlebnis f\u00fcr Entdecker &#8211; ein St\u00fcck Deutschland, das zu Unrecht selten besucht und noch seltener mit dem Rad bereist wird, obwohl die Oberpfalz sowohl landschaftlich als auch kulturell zu den vielf\u00e4ltigsten Regionen Deutschlands geh\u00f6rt. Wer China By Bike schon immer mal kennenlernen wollte, gerne alte Bekannte wiedersehen oder mal wieder mit Volker unterwegs sein m\u00f6chte, ist bei dieser Tour richtig. F\u00fcr leibliches Wohl mit leckeren kulinarischen Spezialit\u00e4ten ist wie gewohnt gesorgt!<\/p>\n<p>Termine:<br \/>\n02.07. \u2013 13.07.2021<\/p>\n<div style=\"text-align: center;\"><a style=\"mso-line-height-rule: exactly; -ms-text-size-adjust: 100%; -webkit-text-size-adjust: 100%; color: #007c89; font-weight: normal; text-decoration: underline;\" href=\"http:\/\/www.weltweit.bike\/oberpfalz\" target=\"_blank\" rel=\"noopener noreferrer\"><strong>HEIMATTOUR 1 &#8211; DIE OBERPFALZ<\/strong><\/a><\/div>\n<p><strong>Und was schreibt Peter, hopfenaffiner Teilnehmer der ersten Tour zur Oberpfalzrunde? <a style=\"mso-line-height-rule: exactly; -ms-text-size-adjust: 100%; -webkit-text-size-adjust: 100%; color: #007c89; font-weight: normal; text-decoration: underline;\" href=\"https:\/\/web.krugerp.de\/heimatkunde-eine-radreise-durch-die-oberpfalz-tag-12\/\" target=\"_blank\" rel=\"noopener noreferrer\">-&gt;<\/a><\/strong><\/td>\n<\/tr>\n<\/tbody>\n<\/table>\n<p><!-- [if mso]><\/td>\n\n\n<![endif]--><\/p>\n<p><!-- [if mso]><\/tr>\n\n\n<\/table>\n\n\n<![endif]--><\/td>\n<\/tr>\n<\/tbody>\n<\/table>\n<table class=\"mcnTextBlock\" style=\"min-width: 100%; border-collapse: collapse; mso-table-lspace: 0pt; mso-table-rspace: 0pt; -ms-text-size-adjust: 100%; -webkit-text-size-adjust: 100%;\" border=\"0\" width=\"100%\" cellspacing=\"0\" cellpadding=\"0\">\n<tbody class=\"mcnTextBlockOuter\">\n<tr>\n<td class=\"mcnTextBlockInner\" style=\"padding-top: 9px; mso-line-height-rule: exactly; -ms-text-size-adjust: 100%; -webkit-text-size-adjust: 100%;\" valign=\"top\"><!-- [if mso]>\n\n\n<table align=\"left\" border=\"0\" cellspacing=\"0\" cellpadding=\"0\" width=\"100%\" style=\"width:100%;\">\n\n\n<tr>\n\t\t\t\t<![endif]--><!-- [if mso]>\n\n\n<td valign=\"top\" width=\"600\" style=\"width:600px;\">\n\t\t\t\t<![endif]--><\/p>\n<table class=\"mcnTextContentContainer\" style=\"max-width: 100%; min-width: 100%; border-collapse: collapse; mso-table-lspace: 0pt; mso-table-rspace: 0pt; -ms-text-size-adjust: 100%; -webkit-text-size-adjust: 100%;\" border=\"0\" width=\"100%\" cellspacing=\"0\" cellpadding=\"0\" align=\"left\">\n<tbody>\n<tr>\n<td class=\"mcnTextContent\" style=\"mso-line-height-rule: exactly; -ms-text-size-adjust: 100%; -webkit-text-size-adjust: 100%; word-break: break-word; color: #757575; font-family: Helvetica; font-size: 16px; line-height: 150%; text-align: left; padding: 0 18px 9px 18px;\" valign=\"top\">\n<p><strong><img loading=\"lazy\" decoding=\"async\" style=\"border-image: none 100% \/ 1 \/ 0 stretch; width: 600px; height: 426px; margin: 0px; border: 0; outline: none; text-decoration: none; -ms-interpolation-mode: bicubic;\" src=\"https:\/\/mcusercontent.com\/9fe305b335a6fb0c25ec29d37\/_compresseds\/f3d08f1a-26b3-4045-a519-153e528a3012.jpg\" width=\"600\" height=\"426\" data-file-id=\"2268158\" \/><\/strong><\/p>\n<p><strong>Oh wie sch\u00f6n ist Niedersachsen!<\/strong><\/p>\n<p>Unsere zweite Heimattour f\u00fchrt in das s\u00fcdliche Niedersachsen, wo Christof Gebhardt seine Jugend erleben durfte. Ausgangs- und Endpunktpunkt der 13-t\u00e4gigen Reise ist die Universit\u00e4tsstadt G\u00f6ttingen. In sieben Etappen entdecken wir die Heimat von Max und Moritz, besichtigen Kl\u00f6ster und Burgen und genie\u00dfen die \u00fcppige Natur zwischen Leine und Weser. Die Strecken sind \u00fcberwiegend recht kurz und mit nur wenigen Steigungen, so dass wir unterwegs viel Zeit haben f\u00fcr Besichtigungen am Wegesrand.<\/p>\n<div style=\"text-align: center;\"><a style=\"mso-line-height-rule: exactly; -ms-text-size-adjust: 100%; -webkit-text-size-adjust: 100%; color: #007c89; font-weight: normal; text-decoration: underline;\" href=\"http:\/\/www.weltweit.bike\/niedersachsen\" target=\"_blank\" rel=\"noopener noreferrer\"><strong>HEIMATTOUR 2 &#8211; S\u00dcDNIEDERSACHSEN<br \/>\n14. &#8211; 26. Mai 2021<\/strong><\/a><\/div>\n<p>&nbsp;<\/td>\n<\/tr>\n<\/tbody>\n<\/table>\n<p><!-- [if mso]><\/td>\n\n\n<![endif]--><\/p>\n<p><!-- [if mso]><\/tr>\n\n\n<\/table>\n\n\n<![endif]--><\/td>\n<\/tr>\n<\/tbody>\n<\/table>\n<table class=\"mcnTextBlock\" style=\"min-width: 100%; border-collapse: collapse; mso-table-lspace: 0pt; mso-table-rspace: 0pt; -ms-text-size-adjust: 100%; -webkit-text-size-adjust: 100%;\" border=\"0\" width=\"100%\" cellspacing=\"0\" cellpadding=\"0\">\n<tbody class=\"mcnTextBlockOuter\">\n<tr>\n<td class=\"mcnTextBlockInner\" style=\"padding-top: 9px; mso-line-height-rule: exactly; -ms-text-size-adjust: 100%; -webkit-text-size-adjust: 100%;\" valign=\"top\"><!-- [if mso]>\n\n\n<table align=\"left\" border=\"0\" cellspacing=\"0\" cellpadding=\"0\" width=\"100%\" style=\"width:100%;\">\n\n\n<tr>\n\t\t\t\t<![endif]--><!-- [if mso]>\n\n\n<td valign=\"top\" width=\"600\" style=\"width:600px;\">\n\t\t\t\t<![endif]--><\/p>\n<table class=\"mcnTextContentContainer\" style=\"max-width: 100%; min-width: 100%; border-collapse: collapse; mso-table-lspace: 0pt; mso-table-rspace: 0pt; -ms-text-size-adjust: 100%; -webkit-text-size-adjust: 100%;\" border=\"0\" width=\"100%\" cellspacing=\"0\" cellpadding=\"0\" align=\"left\">\n<tbody>\n<tr>\n<td class=\"mcnTextContent\" style=\"mso-line-height-rule: exactly; -ms-text-size-adjust: 100%; -webkit-text-size-adjust: 100%; word-break: break-word; color: #757575; font-family: Helvetica; font-size: 16px; line-height: 150%; text-align: left; padding: 0 18px 9px 18px;\" valign=\"top\">\n<p><img loading=\"lazy\" decoding=\"async\" style=\"border: 0px; width: 600px; height: 450px; margin: 0px; outline: none; text-decoration: none; -ms-interpolation-mode: bicubic;\" src=\"https:\/\/mcusercontent.com\/9fe305b335a6fb0c25ec29d37\/images\/c6b963fd-9431-40a3-8d07-856fb7334cfd.jpg\" width=\"600\" height=\"450\" data-file-id=\"2268162\" \/><\/p>\n<p><strong>Durch Bulgariens Berge<\/strong><\/p>\n<p>Nach Oberpfalz und Niedersachsen bieten wir im Rahmen unserer Heimattouren ein ganz besonderes Schmankerl an: Eine Radtour in die faszinierende Bergwelt Bulgariens. Von Sofia aus fahren wir auf verkehrsarmen Nebenstra\u00dfen ins Rila-Gebirge. Nach der Besichtigung des weltber\u00fchmten Rila-Klosters geht es weiter ins malerische Melnik. Auf dem Weg nach Trigrad mit der &#8222;Teufelsschlund&#8220; genannten H\u00f6hle machen wir Station in Kovachevitsa, ein kleines St\u00e4dtchen, in dem die traditionelle bulgarische Architektur noch besonders gut erhalten ist. Zum Abschluss verbringen wir zwei N\u00e4chte in Plovdiv, der europ\u00e4ischen Kulturhauptstadt 2019 mit ihrem historischen Stadtkern, der bis in die R\u00f6merzeit zur\u00fcckgeht.<\/p>\n<p>Warum Bulgarien? Aus Liebe zu einem selten bereisten und dennoch unheimlich sch\u00f6nen und vielf\u00e4ltigen Land. Und die famili\u00e4ren Bande, die Volker H\u00e4ring mit Bulgarien verbinden, spielen nat\u00fcrlich auch eine Rolle<\/p>\n<div style=\"text-align: center;\"><a style=\"mso-line-height-rule: exactly; -ms-text-size-adjust: 100%; -webkit-text-size-adjust: 100%; color: #007c89; font-weight: normal; text-decoration: underline;\" href=\"http:\/\/www.weltweit.bike\/bulgarien\" target=\"_blank\" rel=\"noopener noreferrer\"><strong>HEIMATTOUR 3 &#8211; BULGARIEN<br \/>\n17. &#8211; 30. Juli 2021<\/strong><\/a><\/div>\n<\/td>\n<\/tr>\n<\/tbody>\n<\/table>\n<p><!-- [if mso]><\/td>\n\n\n<![endif]--><\/p>\n<p><!-- [if mso]><\/tr>\n\n\n<\/table>\n\n\n<![endif]--><\/td>\n<\/tr>\n<\/tbody>\n<\/table>\n<table class=\"mcnTextBlock\" style=\"min-width: 100%; border-collapse: collapse; mso-table-lspace: 0pt; mso-table-rspace: 0pt; -ms-text-size-adjust: 100%; -webkit-text-size-adjust: 100%;\" border=\"0\" width=\"100%\" cellspacing=\"0\" cellpadding=\"0\">\n<tbody class=\"mcnTextBlockOuter\">\n<tr>\n<td class=\"mcnTextBlockInner\" style=\"padding-top: 9px; mso-line-height-rule: exactly; -ms-text-size-adjust: 100%; -webkit-text-size-adjust: 100%;\" valign=\"top\"><!-- [if mso]>\n\n\n<table align=\"left\" border=\"0\" cellspacing=\"0\" cellpadding=\"0\" width=\"100%\" style=\"width:100%;\">\n\n\n<tr>\n\t\t\t\t<![endif]--><!-- [if mso]>\n\n\n<td valign=\"top\" width=\"600\" style=\"width:600px;\">\n\t\t\t\t<![endif]--><\/p>\n<table class=\"mcnTextContentContainer\" style=\"max-width: 100%; min-width: 100%; border-collapse: collapse; mso-table-lspace: 0pt; mso-table-rspace: 0pt; -ms-text-size-adjust: 100%; -webkit-text-size-adjust: 100%;\" border=\"0\" width=\"100%\" cellspacing=\"0\" cellpadding=\"0\" align=\"left\">\n<tbody>\n<tr>\n<td class=\"mcnTextContent\" style=\"mso-line-height-rule: exactly; -ms-text-size-adjust: 100%; -webkit-text-size-adjust: 100%; word-break: break-word; color: #757575; font-family: Helvetica; font-size: 16px; line-height: 150%; text-align: left; padding: 0 18px 9px 18px;\" valign=\"top\">\n<p><img loading=\"lazy\" decoding=\"async\" style=\"border-image: none 100% \/ 1 \/ 0 stretch; width: 600px; height: 450px; margin: 0px; border: 0; outline: none; text-decoration: none; -ms-interpolation-mode: bicubic;\" src=\"https:\/\/mcusercontent.com\/9fe305b335a6fb0c25ec29d37\/_compresseds\/8e320870-0db7-41e0-aabf-bcab4de979f0.jpg\" width=\"600\" height=\"450\" data-file-id=\"2311161\" \/><strong>Auf ein Neues! Der besondere Fr\u00fchbucherrabatt<\/strong><\/p>\n<p>Wie bereits eingangs erw\u00e4hnt: Um uns etwas Plansicherheit und euch ein wenig Reiselust zu geben, ist bei Neuanmeldungen bis einschlie\u00dflich 31.12.2020 bis vier Wochen vor Reisebeginn keine Anzahlung f\u00e4llig. Ebenso kann die Reise bis zu diesem Zeitpunkt jederzeit ohne Angaben von Gr\u00fcnden storniert werden.<\/p>\n<p>Die Termine 2021 sind bereits online:<\/p>\n<p><a style=\"mso-line-height-rule: exactly; -ms-text-size-adjust: 100%; -webkit-text-size-adjust: 100%; color: #007c89; font-weight: normal; text-decoration: underline;\" href=\"https:\/\/china-by-bike.de\/tourenkalender\/\" target=\"_blank\" rel=\"noopener noreferrer\"><strong>TERMIN\u00dcBERSICHT 2021<\/strong><\/a><\/p>\n<div style=\"text-align: center;\"><\/div>\n<\/td>\n<\/tr>\n<\/tbody>\n<\/table>\n<p><!-- [if mso]><\/td>\n\n\n<![endif]--><\/p>\n<p><!-- [if mso]><\/tr>\n\n\n<\/table>\n\n\n<![endif]--><\/td>\n<\/tr>\n<\/tbody>\n<\/table>\n<table class=\"mcnTextBlock\" style=\"min-width: 100%; border-collapse: collapse; mso-table-lspace: 0pt; mso-table-rspace: 0pt; -ms-text-size-adjust: 100%; -webkit-text-size-adjust: 100%;\" border=\"0\" width=\"100%\" cellspacing=\"0\" cellpadding=\"0\">\n<tbody class=\"mcnTextBlockOuter\">\n<tr>\n<td class=\"mcnTextBlockInner\" style=\"padding-top: 9px; mso-line-height-rule: exactly; -ms-text-size-adjust: 100%; -webkit-text-size-adjust: 100%;\" valign=\"top\"><!-- [if mso]>\n\n\n<table align=\"left\" border=\"0\" cellspacing=\"0\" cellpadding=\"0\" width=\"100%\" style=\"width:100%;\">\n\n\n<tr>\n\t\t\t\t<![endif]--><!-- [if mso]>\n\n\n<td valign=\"top\" width=\"600\" style=\"width:600px;\">\n\t\t\t\t<![endif]--><\/p>\n<table class=\"mcnTextContentContainer\" style=\"max-width: 100%; min-width: 100%; border-collapse: collapse; mso-table-lspace: 0pt; mso-table-rspace: 0pt; -ms-text-size-adjust: 100%; -webkit-text-size-adjust: 100%;\" border=\"0\" width=\"100%\" cellspacing=\"0\" cellpadding=\"0\" align=\"left\">\n<tbody>\n<tr>\n<td class=\"mcnTextContent\" style=\"mso-line-height-rule: exactly; -ms-text-size-adjust: 100%; -webkit-text-size-adjust: 100%; word-break: break-word; color: #757575; font-family: Helvetica; font-size: 16px; line-height: 150%; text-align: left; padding: 0 18px 9px 18px;\" valign=\"top\">\n<p><strong><img loading=\"lazy\" decoding=\"async\" style=\"border: 0px; width: 550px; height: 547px; margin: 0px; outline: none; text-decoration: none; -ms-interpolation-mode: bicubic;\" src=\"https:\/\/gallery.mailchimp.com\/9fe305b335a6fb0c25ec29d37\/images\/a9b122bb-3373-4b05-8dad-4b320595c1ea.jpg\" width=\"550\" height=\"547\" data-file-id=\"1614617\" \/><\/strong><\/p>\n<p>Das ideale Weihnachtsgeschenk &#8211; Der CHINA-BY-BIKE-Reisegutschein<\/p>\n<p>Weihnachten steht vor der T\u00fcr. Und ihr sucht noch ein passendes Geschenk f\u00fcr eure Lieben oder ein Lockdown-Lichtblick f\u00fcr euch selbst?<\/p>\n<p>Dann haben wir etwas f\u00fcr euch: Den China-By-Bike-Reisegutschein!<\/p>\n<p><strong>Wie funktioniert das? <\/strong><\/p>\n<p>China-By-Bike-Gutscheine gibt es in H\u00f6he von 500, 1.000, 2.000, 3.000 und 4.000 Euro. Sie sind 10 Jahre g\u00fcltig, \u00fcbertragbar, insolvenzabgesichert und gelten f\u00fcr alle direkt von China By Bike veranstaltete Touren (keine vermittelte Reisen).<\/p>\n<p>Ihr schreibt uns eine Mail an <a style=\"mso-line-height-rule: exactly; -ms-text-size-adjust: 100%; -webkit-text-size-adjust: 100%; color: #007c89; font-weight: normal; text-decoration: underline;\" href=\"mailto:info@china-by-bike.de\" target=\"_blank\" rel=\"noopener noreferrer\">info@china-by-bike.de<\/a>, ob der Gutschein f\u00fcr euch oder jemand anderen ist und welche Summe ihr w\u00fcnscht. Wir schicken euch dann die entsprechende Rechnung und den Gutschein in gew\u00fcnschter H\u00f6he. Als kleines Dankesch\u00f6n legen wir noch ein Exemplar des Buches &#8222;China151&#8220; bei.<\/p>\n<p>Wir danken euch schon jetzt f\u00fcr eure Unterst\u00fctzung! Seid versichert, dass wir mit Zuversicht in die Zukunft gehen und es kaum erwarten k\u00f6nnen, wieder aufs Rad zu steigen &#8211; mit euch!<\/td>\n<\/tr>\n<\/tbody>\n<\/table>\n<p><!-- [if mso]><\/td>\n\n\n<![endif]--><\/p>\n<p><!-- [if mso]><\/tr>\n\n\n<\/table>\n\n\n<![endif]--><\/td>\n<\/tr>\n<\/tbody>\n<\/table>\n<table class=\"mcnTextBlock\" style=\"min-width: 100%; border-collapse: collapse; mso-table-lspace: 0pt; mso-table-rspace: 0pt; -ms-text-size-adjust: 100%; -webkit-text-size-adjust: 100%;\" border=\"0\" width=\"100%\" cellspacing=\"0\" cellpadding=\"0\">\n<tbody class=\"mcnTextBlockOuter\">\n<tr>\n<td class=\"mcnTextBlockInner\" style=\"padding-top: 9px; mso-line-height-rule: exactly; -ms-text-size-adjust: 100%; -webkit-text-size-adjust: 100%;\" valign=\"top\"><!-- [if mso]>\n\n\n<table align=\"left\" border=\"0\" cellspacing=\"0\" cellpadding=\"0\" width=\"100%\" style=\"width:100%;\">\n\n\n<tr>\n\t\t\t\t<![endif]--><!-- [if mso]>\n\n\n<td valign=\"top\" width=\"600\" style=\"width:600px;\">\n\t\t\t\t<![endif]--><\/p>\n<table class=\"mcnTextContentContainer\" style=\"max-width: 100%; min-width: 100%; border-collapse: collapse; mso-table-lspace: 0pt; mso-table-rspace: 0pt; -ms-text-size-adjust: 100%; -webkit-text-size-adjust: 100%;\" border=\"0\" width=\"100%\" cellspacing=\"0\" cellpadding=\"0\" align=\"left\">\n<tbody>\n<tr>\n<td class=\"mcnTextContent\" style=\"mso-line-height-rule: exactly; -ms-text-size-adjust: 100%; -webkit-text-size-adjust: 100%; word-break: break-word; color: #757575; font-family: Helvetica; font-size: 16px; line-height: 150%; text-align: left; padding: 0 18px 9px 18px;\" valign=\"top\">\n<p><strong>ACHTUNG: Neue \u00d6ffnungszeiten!<\/strong><\/p>\n<p>Zu guter Letzt noch ein wichtiger Hinweis: Da sich das Buchungsvolumen und damit das Arbeitsaufkommen im Moment in Grenzen h\u00e4lt, haben wir bis auf Weiteres ver\u00e4nderte \u00d6ffnungszeiten. Im B\u00fcro erreicht ihr uns immer Di-Do von 12:00 &#8211; 15:00 Uhr unter der 030-6225645. Mail werden aber t\u00e4glich gelesen und zeitnah beantwortet.<\/td>\n<\/tr>\n<\/tbody>\n<\/table>\n<p><!-- [if mso]><\/td>\n\n\n<![endif]--><\/p>\n<p><!-- [if mso]><\/tr>\n\n\n<\/table>\n\n\n<![endif]--><\/td>\n<\/tr>\n<\/tbody>\n<\/table>\n<table class=\"mcnTextBlock\" style=\"min-width: 100%; border-collapse: collapse; mso-table-lspace: 0pt; mso-table-rspace: 0pt; -ms-text-size-adjust: 100%; -webkit-text-size-adjust: 100%;\" border=\"0\" width=\"100%\" cellspacing=\"0\" cellpadding=\"0\">\n<tbody class=\"mcnTextBlockOuter\">\n<tr>\n<td class=\"mcnTextBlockInner\" style=\"padding-top: 9px; mso-line-height-rule: exactly; -ms-text-size-adjust: 100%; -webkit-text-size-adjust: 100%;\" valign=\"top\"><!-- [if mso]>\n\n\n<table align=\"left\" border=\"0\" cellspacing=\"0\" cellpadding=\"0\" width=\"100%\" style=\"width:100%;\">\n\n\n<tr>\n\t\t\t\t<![endif]--><!-- [if mso]>\n\n\n<td valign=\"top\" width=\"600\" style=\"width:600px;\">\n\t\t\t\t<![endif]--><\/p>\n<table class=\"mcnTextContentContainer\" style=\"max-width: 100%; min-width: 100%; border-collapse: collapse; mso-table-lspace: 0pt; mso-table-rspace: 0pt; -ms-text-size-adjust: 100%; -webkit-text-size-adjust: 100%;\" border=\"0\" width=\"100%\" cellspacing=\"0\" cellpadding=\"0\" align=\"left\">\n<tbody>\n<tr>\n<td class=\"mcnTextContent\" style=\"mso-line-height-rule: exactly; -ms-text-size-adjust: 100%; -webkit-text-size-adjust: 100%; word-break: break-word; color: #757575; font-family: Helvetica; font-size: 16px; line-height: 150%; text-align: left; padding: 0 18px 9px 18px;\" valign=\"top\">\n<p><em>Bleibt gesund! Den n\u00e4chsten Newsletter gibt es Mitte Januar 2021.<\/em><\/p>\n<p><strong>Euer China-By-Bike-Team<\/strong><\/td>\n<\/tr>\n<\/tbody>\n<\/table>\n<p><!-- [if mso]><\/td>\n\n\n<![endif]--><\/p>\n<p><!-- [if mso]><\/tr>\n\n\n<\/table>\n\n\n<![endif]--><\/td>\n<\/tr>\n<\/tbody>\n<\/table>\n<table class=\"mcnDividerBlock\" style=\"min-width: 100%; border-collapse: collapse; mso-table-lspace: 0pt; mso-table-rspace: 0pt; -ms-text-size-adjust: 100%; -webkit-text-size-adjust: 100%; table-layout: fixed !important;\" border=\"0\" width=\"100%\" cellspacing=\"0\" cellpadding=\"0\">\n<tbody class=\"mcnDividerBlockOuter\">\n<tr>\n<td class=\"mcnDividerBlockInner\" style=\"min-width: 100%; padding: 18px; width: 512px;\"><\/td>\n<\/tr>\n<\/tbody>\n<\/table>\n<\/td>\n<\/tr>\n<\/tbody>\n<\/table>\n<p><!-- [if (gte mso 9)|(IE)]><\/td>\n\n\n<\/tr>\n\n\n<\/table>\n\n\n<![endif]--><\/td>\n<\/tr>\n<tr>\n<td id=\"templateFooter\" style=\"background: #333333 none no-repeat scroll center center \/ cover; border-top: 0px none; border-bottom: 0px none; padding-top: 45px; padding-bottom: 63px; width: 100%;\" align=\"center\" valign=\"top\" data-template-container=\"\"><\/td>\n<\/tr>\n<\/tbody>\n<\/table>\n<p><!-- \/\/ END TEMPLATE --><\/td>\n<\/tr>\n<\/tbody>\n<\/table>\n<p>&nbsp;<\/p>\n<p>&nbsp;<\/p>\n<table id=\"canspamBarWrapper\" style=\"background-color: #ffffff; border-top: 1px solid #E5E5E5;\" border=\"0\" width=\"100%\" cellspacing=\"0\" cellpadding=\"0\">\n<tbody>\n<tr>\n<td style=\"padding-top: 20px; padding-bottom: 20px;\" align=\"center\" valign=\"top\"><\/td>\n<\/tr>\n<\/tbody>\n<\/table>\n<p>&nbsp;<\/p>\n<p>&nbsp;<\/p>\n","protected":false},"excerpt":{"rendered":"<p>&nbsp; Newsletter November 2020 Liebe Radlerinnen und Radler! Normalerweise w\u00fcrden wir an dieser Stelle unser neues Tourenprogramm ank\u00fcndigen. Aber normal ist in diesem Jahr ja nichts. Wir haben uns aus naheliegenden Gr\u00fcnden f\u00fcr 2021 gegen einen Druckkatalog entschieden. Kurz vor Weihnachten werden wir uns aber mit einem kleinen aber feinen PDF bei euch melden und unser Programm f\u00fcr 2021 vorstellen. Das neue Jahr ist touristisch nat\u00fcrlich eine Wundert\u00fcte. Ob Asienreisen in der ersten Jahresh\u00e4lfte 2021 m\u00f6glich sein werden, wagen wir&#8230;<\/p>\n<p class=\"continue-reading-button\"> <a class=\"continue-reading-link\" href=\"https:\/\/china-by-bike.de\/blog\/2020\/11\/newsletter-november-2020\/\">Weiter lesen!<i class=\"crycon-right-dir\"><\/i><\/a><\/p>\n","protected":false},"author":9,"featured_media":0,"comment_status":"open","ping_status":"open","sticky":false,"template":"","format":"standard","meta":{"ngg_post_thumbnail":0,"footnotes":""},"categories":[1,183],"tags":[],"jetpack_featured_media_url":"","_links":{"self":[{"href":"https:\/\/china-by-bike.de\/blog\/wp-json\/wp\/v2\/posts\/43839"}],"collection":[{"href":"https:\/\/china-by-bike.de\/blog\/wp-json\/wp\/v2\/posts"}],"about":[{"href":"https:\/\/china-by-bike.de\/blog\/wp-json\/wp\/v2\/types\/post"}],"author":[{"embeddable":true,"href":"https:\/\/china-by-bike.de\/blog\/wp-json\/wp\/v2\/users\/9"}],"replies":[{"embeddable":true,"href":"https:\/\/china-by-bike.de\/blog\/wp-json\/wp\/v2\/comments?post=43839"}],"version-history":[{"count":6,"href":"https:\/\/china-by-bike.de\/blog\/wp-json\/wp\/v2\/posts\/43839\/revisions"}],"predecessor-version":[{"id":43846,"href":"https:\/\/china-by-bike.de\/blog\/wp-json\/wp\/v2\/posts\/43839\/revisions\/43846"}],"wp:attachment":[{"href":"https:\/\/china-by-bike.de\/blog\/wp-json\/wp\/v2\/media?parent=43839"}],"wp:term":[{"taxonomy":"category","embeddable":true,"href":"https:\/\/china-by-bike.de\/blog\/wp-json\/wp\/v2\/categories?post=43839"},{"taxonomy":"post_tag","embeddable":true,"href":"https:\/\/china-by-bike.de\/blog\/wp-json\/wp\/v2\/tags?post=43839"}],"curies":[{"name":"wp","href":"https:\/\/api.w.org\/{rel}","templated":true}]}}